{"id":4950,"date":"2026-03-10T13:35:23","date_gmt":"2026-03-10T12:35:23","guid":{"rendered":"https:\/\/vsklosterneuburg-hermann.ac.at\/?p=4950"},"modified":"2026-03-10T13:35:25","modified_gmt":"2026-03-10T12:35:25","slug":"milchlehrpfad-der-1a","status":"publish","type":"post","link":"https:\/\/vsklosterneuburg-hermann.ac.at\/?p=4950","title":{"rendered":"Milchlehrpfad der 1a"},"content":{"rendered":"\t\t<div data-elementor-type=\"wp-post\" data-elementor-id=\"4950\" class=\"elementor elementor-4950\" data-elementor-post-type=\"post\">\n\t\t\t\t\t\t<section class=\"elementor-section elementor-top-section elementor-element elementor-element-067a61e elementor-section-boxed elementor-section-height-default elementor-section-height-default\" data-id=\"067a61e\" data-element_type=\"section\">\n\t\t\t\t\t\t<div class=\"elementor-container elementor-column-gap-default\">\n\t\t\t\t\t<div class=\"elementor-column elementor-col-100 elementor-top-column elementor-element elementor-element-606adb9\" data-id=\"606adb9\" data-element_type=\"column\">\n\t\t\t<div class=\"elementor-widget-wrap elementor-element-populated\">\n\t\t\t\t\t\t<section class=\"elementor-section elementor-inner-section elementor-element elementor-element-ec07c7c elementor-section-boxed elementor-section-height-default elementor-section-height-default\" data-id=\"ec07c7c\" data-element_type=\"section\">\n\t\t\t\t\t\t<div class=\"elementor-container elementor-column-gap-default\">\n\t\t\t\t\t<div class=\"elementor-column elementor-col-50 elementor-inner-column elementor-element elementor-element-3d25cf4\" data-id=\"3d25cf4\" data-element_type=\"column\">\n\t\t\t<div class=\"elementor-widget-wrap elementor-element-populated\">\n\t\t\t\t\t\t<div class=\"elementor-element elementor-element-252e7e5 elementor-widget elementor-widget-image\" data-id=\"252e7e5\" data-element_type=\"widget\" data-widget_type=\"image.default\">\n\t\t\t\t<div class=\"elementor-widget-container\">\n\t\t\t\t\t\t\t\t\t\t\t\t\t\t\t<img fetchpriority=\"high\" decoding=\"async\" width=\"576\" height=\"1024\" src=\"https:\/\/vsklosterneuburg-hermann.ac.at\/wp-content\/uploads\/2026\/03\/seminarb-576x1024.jpeg\" class=\"attachment-large size-large wp-image-4952\" alt=\"\" srcset=\"https:\/\/vsklosterneuburg-hermann.ac.at\/wp-content\/uploads\/2026\/03\/seminarb-576x1024.jpeg 576w, https:\/\/vsklosterneuburg-hermann.ac.at\/wp-content\/uploads\/2026\/03\/seminarb-169x300.jpeg 169w, https:\/\/vsklosterneuburg-hermann.ac.at\/wp-content\/uploads\/2026\/03\/seminarb-768x1365.jpeg 768w, https:\/\/vsklosterneuburg-hermann.ac.at\/wp-content\/uploads\/2026\/03\/seminarb-864x1536.jpeg 864w, https:\/\/vsklosterneuburg-hermann.ac.at\/wp-content\/uploads\/2026\/03\/seminarb.jpeg 1080w\" sizes=\"(max-width: 576px) 100vw, 576px\" \/>\t\t\t\t\t\t\t\t\t\t\t\t\t\t\t<\/div>\n\t\t\t\t<\/div>\n\t\t\t\t\t<\/div>\n\t\t<\/div>\n\t\t\t\t<div class=\"elementor-column elementor-col-50 elementor-inner-column elementor-element elementor-element-b245557\" data-id=\"b245557\" data-element_type=\"column\">\n\t\t\t<div class=\"elementor-widget-wrap elementor-element-populated\">\n\t\t\t\t\t\t<div class=\"elementor-element elementor-element-da37a47 elementor-widget elementor-widget-text-editor\" data-id=\"da37a47\" data-element_type=\"widget\" data-widget_type=\"text-editor.default\">\n\t\t\t\t<div class=\"elementor-widget-container\">\n\t\t\t\t\t\t\t\t\t<p class=\"isSelectedEnd\">Die erste Klasse hatte Besuch von einer B\u00e4uerin.<\/p><p class=\"isSelectedEnd\">Sie erz\u00e4hlte den Kindern viel Interessantes \u00fcber K\u00fche, Milch und die Arbeit auf einem Bauernhof. Die Sch\u00fclerinnen und Sch\u00fcler erfuhren, woher die Milch kommt und wie wichtig eine gute Haltung und Pflege der Tiere ist.<\/p><p class=\"isSelectedEnd\">Ein besonderes Highlight war das Herstellen von Butter. Die Kinder durften selbst Schlagobers sch\u00fctteln, bis daraus Butter wurde. So konnten sie erleben, wie aus Milch ein neues Produkt entsteht.<\/p><p class=\"isSelectedEnd\">Zum Abschluss wurde die frisch gemachte Butter gemeinsam verkostet. Den Kindern hat es sehr gut geschmeckt und sie hatten viel Freude an diesem praktischen Erlebnis.<\/p><p>Das Seminar war spannend, lehrreich und hat den Sch\u00fclerinnen und Sch\u00fclern einen tollen Einblick in die Landwirtschaft gegeben.<\/p>\t\t\t\t\t\t\t\t<\/div>\n\t\t\t\t<\/div>\n\t\t\t\t\t<\/div>\n\t\t<\/div>\n\t\t\t\t\t<\/div>\n\t\t<\/section>\n\t\t\t\t\t<\/div>\n\t\t<\/div>\n\t\t\t\t\t<\/div>\n\t\t<\/section>\n\t\t\t\t<\/div>\n\t\t","protected":false},"excerpt":{"rendered":"<p>Die erste Klasse hatte Besuch von einer B\u00e4uerin. Sie erz\u00e4hlte den Kindern viel Interessantes \u00fcber K\u00fche, Milch und die Arbeit auf einem Bauernhof. Die Sch\u00fclerinnen und Sch\u00fcler erfuhren, woher die Milch kommt und wie wichtig eine gute Haltung und Pflege der Tiere ist. Ein besonderes Highlight war das Herstellen von Butter. Die Kinder durften selbst [&hellip;]<\/p>\n","protected":false},"author":31,"featured_media":4957,"comment_status":"open","ping_status":"open","sticky":false,"template":"","format":"standard","meta":{"site-sidebar-layout":"default","site-content-layout":"","ast-site-content-layout":"default","site-content-style":"default","site-sidebar-style":"default","ast-global-header-display":"","ast-banner-title-visibility":"","ast-main-header-display":"","ast-hfb-above-header-display":"","ast-hfb-below-header-display":"","ast-hfb-mobile-header-display":"","site-post-title":"","ast-breadcrumbs-content":"","ast-featured-img":"","footer-sml-layout":"","theme-transparent-header-meta":"","adv-header-id-meta":"","stick-header-meta":"","header-above-stick-meta":"","header-main-stick-meta":"","header-below-stick-meta":"","astra-migrate-meta-layouts":"set","ast-page-background-enabled":"default","ast-page-background-meta":{"desktop":{"background-color":"var(--ast-global-color-4)","background-image":"","background-repeat":"repeat","background-position":"center center","background-size":"auto","background-attachment":"scroll","background-type":"","background-media":"","overlay-type":"","overlay-color":"","overlay-opacity":"","overlay-gradient":""},"tablet":{"background-color":"","background-image":"","background-repeat":"repeat","background-position":"center center","background-size":"auto","background-attachment":"scroll","background-type":"","background-media":"","overlay-type":"","overlay-color":"","overlay-opacity":"","overlay-gradient":""},"mobile":{"background-color":"","background-image":"","background-repeat":"repeat","background-position":"center center","background-size":"auto","background-attachment":"scroll","background-type":"","background-media":"","overlay-type":"","overlay-color":"","overlay-opacity":"","overlay-gradient":""}},"ast-content-background-meta":{"desktop":{"background-color":"var(--ast-global-color-5)","background-image":"","background-repeat":"repeat","background-position":"center center","background-size":"auto","background-attachment":"scroll","background-type":"","background-media":"","overlay-type":"","overlay-color":"","overlay-opacity":"","overlay-gradient":""},"tablet":{"background-color":"var(--ast-global-color-5)","background-image":"","background-repeat":"repeat","background-position":"center center","background-size":"auto","background-attachment":"scroll","background-type":"","background-media":"","overlay-type":"","overlay-color":"","overlay-opacity":"","overlay-gradient":""},"mobile":{"background-color":"var(--ast-global-color-5)","background-image":"","background-repeat":"repeat","background-position":"center center","background-size":"auto","background-attachment":"scroll","background-type":"","background-media":"","overlay-type":"","overlay-color":"","overlay-opacity":"","overlay-gradient":""}},"footnotes":""},"categories":[13,23],"tags":[],"class_list":["post-4950","post","type-post","status-publish","format-standard","has-post-thumbnail","hentry","category-vs","category-vs-25-26"],"yoast_head":"<!-- This site is optimized with the Yoast SEO plugin v25.8 - https:\/\/yoast.com\/wordpress\/plugins\/seo\/ -->\n<title>Milchlehrpfad der 1a - ASO\/VS Klosterneuburg<\/title>\n<meta name=\"robots\" content=\"index, follow, max-snippet:-1, max-image-preview:large, max-video-preview:-1\" \/>\n<link rel=\"canonical\" href=\"https:\/\/vsklosterneuburg-hermann.ac.at\/?p=4950\" \/>\n<meta property=\"og:locale\" content=\"de_DE\" \/>\n<meta property=\"og:type\" content=\"article\" \/>\n<meta property=\"og:title\" content=\"Milchlehrpfad der 1a - ASO\/VS Klosterneuburg\" \/>\n<meta property=\"og:description\" content=\"Die erste Klasse hatte Besuch von einer B\u00e4uerin. Sie erz\u00e4hlte den Kindern viel Interessantes \u00fcber K\u00fche, Milch und die Arbeit auf einem Bauernhof. Die Sch\u00fclerinnen und Sch\u00fcler erfuhren, woher die Milch kommt und wie wichtig eine gute Haltung und Pflege der Tiere ist. Ein besonderes Highlight war das Herstellen von Butter. Die Kinder durften selbst [&hellip;]\" \/>\n<meta property=\"og:url\" content=\"https:\/\/vsklosterneuburg-hermann.ac.at\/?p=4950\" \/>\n<meta property=\"og:site_name\" content=\"ASO\/VS Klosterneuburg\" \/>\n<meta property=\"article:published_time\" content=\"2026-03-10T12:35:23+00:00\" \/>\n<meta property=\"article:modified_time\" content=\"2026-03-10T12:35:25+00:00\" \/>\n<meta property=\"og:image\" content=\"https:\/\/vsklosterneuburg-hermann.ac.at\/wp-content\/uploads\/2026\/03\/seminarb1.jpeg\" \/>\n\t<meta property=\"og:image:width\" content=\"1600\" \/>\n\t<meta property=\"og:image:height\" content=\"1200\" \/>\n\t<meta property=\"og:image:type\" content=\"image\/jpeg\" \/>\n<meta name=\"author\" content=\"Anna Profous\" \/>\n<meta name=\"twitter:card\" content=\"summary_large_image\" \/>\n<meta name=\"twitter:label1\" content=\"Verfasst von\" \/>\n\t<meta name=\"twitter:data1\" content=\"Anna Profous\" \/>\n\t<meta name=\"twitter:label2\" content=\"Gesch\u00e4tzte Lesezeit\" \/>\n\t<meta name=\"twitter:data2\" content=\"2 Minuten\" \/>\n<script type=\"application\/ld+json\" class=\"yoast-schema-graph\">{\"@context\":\"https:\/\/schema.org\",\"@graph\":[{\"@type\":\"Article\",\"@id\":\"https:\/\/vsklosterneuburg-hermann.ac.at\/?p=4950#article\",\"isPartOf\":{\"@id\":\"https:\/\/vsklosterneuburg-hermann.ac.at\/?p=4950\"},\"author\":{\"name\":\"Anna Profous\",\"@id\":\"https:\/\/vsklosterneuburg-hermann.ac.at\/#\/schema\/person\/526ba02500b5c3289c90e4d264469318\"},\"headline\":\"Milchlehrpfad der 1a\",\"datePublished\":\"2026-03-10T12:35:23+00:00\",\"dateModified\":\"2026-03-10T12:35:25+00:00\",\"mainEntityOfPage\":{\"@id\":\"https:\/\/vsklosterneuburg-hermann.ac.at\/?p=4950\"},\"wordCount\":126,\"commentCount\":0,\"publisher\":{\"@id\":\"https:\/\/vsklosterneuburg-hermann.ac.at\/#organization\"},\"image\":{\"@id\":\"https:\/\/vsklosterneuburg-hermann.ac.at\/?p=4950#primaryimage\"},\"thumbnailUrl\":\"https:\/\/vsklosterneuburg-hermann.ac.at\/wp-content\/uploads\/2026\/03\/seminarb1.jpeg\",\"articleSection\":[\"VS\",\"VS-25\/26\"],\"inLanguage\":\"de-AT\",\"potentialAction\":[{\"@type\":\"CommentAction\",\"name\":\"Comment\",\"target\":[\"https:\/\/vsklosterneuburg-hermann.ac.at\/?p=4950#respond\"]}]},{\"@type\":\"WebPage\",\"@id\":\"https:\/\/vsklosterneuburg-hermann.ac.at\/?p=4950\",\"url\":\"https:\/\/vsklosterneuburg-hermann.ac.at\/?p=4950\",\"name\":\"Milchlehrpfad der 1a - ASO\/VS Klosterneuburg\",\"isPartOf\":{\"@id\":\"https:\/\/vsklosterneuburg-hermann.ac.at\/#website\"},\"primaryImageOfPage\":{\"@id\":\"https:\/\/vsklosterneuburg-hermann.ac.at\/?p=4950#primaryimage\"},\"image\":{\"@id\":\"https:\/\/vsklosterneuburg-hermann.ac.at\/?p=4950#primaryimage\"},\"thumbnailUrl\":\"https:\/\/vsklosterneuburg-hermann.ac.at\/wp-content\/uploads\/2026\/03\/seminarb1.jpeg\",\"datePublished\":\"2026-03-10T12:35:23+00:00\",\"dateModified\":\"2026-03-10T12:35:25+00:00\",\"breadcrumb\":{\"@id\":\"https:\/\/vsklosterneuburg-hermann.ac.at\/?p=4950#breadcrumb\"},\"inLanguage\":\"de-AT\",\"potentialAction\":[{\"@type\":\"ReadAction\",\"target\":[\"https:\/\/vsklosterneuburg-hermann.ac.at\/?p=4950\"]}]},{\"@type\":\"ImageObject\",\"inLanguage\":\"de-AT\",\"@id\":\"https:\/\/vsklosterneuburg-hermann.ac.at\/?p=4950#primaryimage\",\"url\":\"https:\/\/vsklosterneuburg-hermann.ac.at\/wp-content\/uploads\/2026\/03\/seminarb1.jpeg\",\"contentUrl\":\"https:\/\/vsklosterneuburg-hermann.ac.at\/wp-content\/uploads\/2026\/03\/seminarb1.jpeg\",\"width\":1600,\"height\":1200},{\"@type\":\"BreadcrumbList\",\"@id\":\"https:\/\/vsklosterneuburg-hermann.ac.at\/?p=4950#breadcrumb\",\"itemListElement\":[{\"@type\":\"ListItem\",\"position\":1,\"name\":\"Startseite\",\"item\":\"https:\/\/vsklosterneuburg-hermann.ac.at\/\"},{\"@type\":\"ListItem\",\"position\":2,\"name\":\"Milchlehrpfad der 1a\"}]},{\"@type\":\"WebSite\",\"@id\":\"https:\/\/vsklosterneuburg-hermann.ac.at\/#website\",\"url\":\"https:\/\/vsklosterneuburg-hermann.ac.at\/\",\"name\":\"ASO\/VS Klosterneuburg\",\"description\":\"Homepage der ASO\/VS Klosterneuburg\",\"publisher\":{\"@id\":\"https:\/\/vsklosterneuburg-hermann.ac.at\/#organization\"},\"potentialAction\":[{\"@type\":\"SearchAction\",\"target\":{\"@type\":\"EntryPoint\",\"urlTemplate\":\"https:\/\/vsklosterneuburg-hermann.ac.at\/?s={search_term_string}\"},\"query-input\":{\"@type\":\"PropertyValueSpecification\",\"valueRequired\":true,\"valueName\":\"search_term_string\"}}],\"inLanguage\":\"de-AT\"},{\"@type\":\"Organization\",\"@id\":\"https:\/\/vsklosterneuburg-hermann.ac.at\/#organization\",\"name\":\"ASO\/VS Klosterneuburg\",\"url\":\"https:\/\/vsklosterneuburg-hermann.ac.at\/\",\"logo\":{\"@type\":\"ImageObject\",\"inLanguage\":\"de-AT\",\"@id\":\"https:\/\/vsklosterneuburg-hermann.ac.at\/#\/schema\/logo\/image\/\",\"url\":\"https:\/\/vsklosterneuburg-hermann.ac.at\/wp-content\/uploads\/2023\/08\/SchuleimZentrum-Logo-gemeinsam-alternativ_online.png\",\"contentUrl\":\"https:\/\/vsklosterneuburg-hermann.ac.at\/wp-content\/uploads\/2023\/08\/SchuleimZentrum-Logo-gemeinsam-alternativ_online.png\",\"width\":2500,\"height\":2500,\"caption\":\"ASO\/VS Klosterneuburg\"},\"image\":{\"@id\":\"https:\/\/vsklosterneuburg-hermann.ac.at\/#\/schema\/logo\/image\/\"}},{\"@type\":\"Person\",\"@id\":\"https:\/\/vsklosterneuburg-hermann.ac.at\/#\/schema\/person\/526ba02500b5c3289c90e4d264469318\",\"name\":\"Anna Profous\",\"image\":{\"@type\":\"ImageObject\",\"inLanguage\":\"de-AT\",\"@id\":\"https:\/\/vsklosterneuburg-hermann.ac.at\/#\/schema\/person\/image\/\",\"url\":\"https:\/\/secure.gravatar.com\/avatar\/b17d2a5206bc49ccd1f18227d30aae61c9b88dab2aea2fdc786c3c3337d0e289?s=96&d=mm&r=g\",\"contentUrl\":\"https:\/\/secure.gravatar.com\/avatar\/b17d2a5206bc49ccd1f18227d30aae61c9b88dab2aea2fdc786c3c3337d0e289?s=96&d=mm&r=g\",\"caption\":\"Anna Profous\"},\"url\":\"https:\/\/vsklosterneuburg-hermann.ac.at\/?author=31\"}]}<\/script>\n<!-- \/ Yoast SEO plugin. -->","yoast_head_json":{"title":"Milchlehrpfad der 1a - ASO\/VS Klosterneuburg","robots":{"index":"index","follow":"follow","max-snippet":"max-snippet:-1","max-image-preview":"max-image-preview:large","max-video-preview":"max-video-preview:-1"},"canonical":"https:\/\/vsklosterneuburg-hermann.ac.at\/?p=4950","og_locale":"de_DE","og_type":"article","og_title":"Milchlehrpfad der 1a - ASO\/VS Klosterneuburg","og_description":"Die erste Klasse hatte Besuch von einer B\u00e4uerin. Sie erz\u00e4hlte den Kindern viel Interessantes \u00fcber K\u00fche, Milch und die Arbeit auf einem Bauernhof. Die Sch\u00fclerinnen und Sch\u00fcler erfuhren, woher die Milch kommt und wie wichtig eine gute Haltung und Pflege der Tiere ist. Ein besonderes Highlight war das Herstellen von Butter. Die Kinder durften selbst [&hellip;]","og_url":"https:\/\/vsklosterneuburg-hermann.ac.at\/?p=4950","og_site_name":"ASO\/VS Klosterneuburg","article_published_time":"2026-03-10T12:35:23+00:00","article_modified_time":"2026-03-10T12:35:25+00:00","og_image":[{"width":1600,"height":1200,"url":"https:\/\/vsklosterneuburg-hermann.ac.at\/wp-content\/uploads\/2026\/03\/seminarb1.jpeg","type":"image\/jpeg"}],"author":"Anna Profous","twitter_card":"summary_large_image","twitter_misc":{"Verfasst von":"Anna Profous","Gesch\u00e4tzte Lesezeit":"2 Minuten"},"schema":{"@context":"https:\/\/schema.org","@graph":[{"@type":"Article","@id":"https:\/\/vsklosterneuburg-hermann.ac.at\/?p=4950#article","isPartOf":{"@id":"https:\/\/vsklosterneuburg-hermann.ac.at\/?p=4950"},"author":{"name":"Anna Profous","@id":"https:\/\/vsklosterneuburg-hermann.ac.at\/#\/schema\/person\/526ba02500b5c3289c90e4d264469318"},"headline":"Milchlehrpfad der 1a","datePublished":"2026-03-10T12:35:23+00:00","dateModified":"2026-03-10T12:35:25+00:00","mainEntityOfPage":{"@id":"https:\/\/vsklosterneuburg-hermann.ac.at\/?p=4950"},"wordCount":126,"commentCount":0,"publisher":{"@id":"https:\/\/vsklosterneuburg-hermann.ac.at\/#organization"},"image":{"@id":"https:\/\/vsklosterneuburg-hermann.ac.at\/?p=4950#primaryimage"},"thumbnailUrl":"https:\/\/vsklosterneuburg-hermann.ac.at\/wp-content\/uploads\/2026\/03\/seminarb1.jpeg","articleSection":["VS","VS-25\/26"],"inLanguage":"de-AT","potentialAction":[{"@type":"CommentAction","name":"Comment","target":["https:\/\/vsklosterneuburg-hermann.ac.at\/?p=4950#respond"]}]},{"@type":"WebPage","@id":"https:\/\/vsklosterneuburg-hermann.ac.at\/?p=4950","url":"https:\/\/vsklosterneuburg-hermann.ac.at\/?p=4950","name":"Milchlehrpfad der 1a - ASO\/VS Klosterneuburg","isPartOf":{"@id":"https:\/\/vsklosterneuburg-hermann.ac.at\/#website"},"primaryImageOfPage":{"@id":"https:\/\/vsklosterneuburg-hermann.ac.at\/?p=4950#primaryimage"},"image":{"@id":"https:\/\/vsklosterneuburg-hermann.ac.at\/?p=4950#primaryimage"},"thumbnailUrl":"https:\/\/vsklosterneuburg-hermann.ac.at\/wp-content\/uploads\/2026\/03\/seminarb1.jpeg","datePublished":"2026-03-10T12:35:23+00:00","dateModified":"2026-03-10T12:35:25+00:00","breadcrumb":{"@id":"https:\/\/vsklosterneuburg-hermann.ac.at\/?p=4950#breadcrumb"},"inLanguage":"de-AT","potentialAction":[{"@type":"ReadAction","target":["https:\/\/vsklosterneuburg-hermann.ac.at\/?p=4950"]}]},{"@type":"ImageObject","inLanguage":"de-AT","@id":"https:\/\/vsklosterneuburg-hermann.ac.at\/?p=4950#primaryimage","url":"https:\/\/vsklosterneuburg-hermann.ac.at\/wp-content\/uploads\/2026\/03\/seminarb1.jpeg","contentUrl":"https:\/\/vsklosterneuburg-hermann.ac.at\/wp-content\/uploads\/2026\/03\/seminarb1.jpeg","width":1600,"height":1200},{"@type":"BreadcrumbList","@id":"https:\/\/vsklosterneuburg-hermann.ac.at\/?p=4950#breadcrumb","itemListElement":[{"@type":"ListItem","position":1,"name":"Startseite","item":"https:\/\/vsklosterneuburg-hermann.ac.at\/"},{"@type":"ListItem","position":2,"name":"Milchlehrpfad der 1a"}]},{"@type":"WebSite","@id":"https:\/\/vsklosterneuburg-hermann.ac.at\/#website","url":"https:\/\/vsklosterneuburg-hermann.ac.at\/","name":"ASO\/VS Klosterneuburg","description":"Homepage der ASO\/VS Klosterneuburg","publisher":{"@id":"https:\/\/vsklosterneuburg-hermann.ac.at\/#organization"},"potentialAction":[{"@type":"SearchAction","target":{"@type":"EntryPoint","urlTemplate":"https:\/\/vsklosterneuburg-hermann.ac.at\/?s={search_term_string}"},"query-input":{"@type":"PropertyValueSpecification","valueRequired":true,"valueName":"search_term_string"}}],"inLanguage":"de-AT"},{"@type":"Organization","@id":"https:\/\/vsklosterneuburg-hermann.ac.at\/#organization","name":"ASO\/VS Klosterneuburg","url":"https:\/\/vsklosterneuburg-hermann.ac.at\/","logo":{"@type":"ImageObject","inLanguage":"de-AT","@id":"https:\/\/vsklosterneuburg-hermann.ac.at\/#\/schema\/logo\/image\/","url":"https:\/\/vsklosterneuburg-hermann.ac.at\/wp-content\/uploads\/2023\/08\/SchuleimZentrum-Logo-gemeinsam-alternativ_online.png","contentUrl":"https:\/\/vsklosterneuburg-hermann.ac.at\/wp-content\/uploads\/2023\/08\/SchuleimZentrum-Logo-gemeinsam-alternativ_online.png","width":2500,"height":2500,"caption":"ASO\/VS Klosterneuburg"},"image":{"@id":"https:\/\/vsklosterneuburg-hermann.ac.at\/#\/schema\/logo\/image\/"}},{"@type":"Person","@id":"https:\/\/vsklosterneuburg-hermann.ac.at\/#\/schema\/person\/526ba02500b5c3289c90e4d264469318","name":"Anna Profous","image":{"@type":"ImageObject","inLanguage":"de-AT","@id":"https:\/\/vsklosterneuburg-hermann.ac.at\/#\/schema\/person\/image\/","url":"https:\/\/secure.gravatar.com\/avatar\/b17d2a5206bc49ccd1f18227d30aae61c9b88dab2aea2fdc786c3c3337d0e289?s=96&d=mm&r=g","contentUrl":"https:\/\/secure.gravatar.com\/avatar\/b17d2a5206bc49ccd1f18227d30aae61c9b88dab2aea2fdc786c3c3337d0e289?s=96&d=mm&r=g","caption":"Anna Profous"},"url":"https:\/\/vsklosterneuburg-hermann.ac.at\/?author=31"}]}},"_links":{"self":[{"href":"https:\/\/vsklosterneuburg-hermann.ac.at\/index.php?rest_route=\/wp\/v2\/posts\/4950","targetHints":{"allow":["GET"]}}],"collection":[{"href":"https:\/\/vsklosterneuburg-hermann.ac.at\/index.php?rest_route=\/wp\/v2\/posts"}],"about":[{"href":"https:\/\/vsklosterneuburg-hermann.ac.at\/index.php?rest_route=\/wp\/v2\/types\/post"}],"author":[{"embeddable":true,"href":"https:\/\/vsklosterneuburg-hermann.ac.at\/index.php?rest_route=\/wp\/v2\/users\/31"}],"replies":[{"embeddable":true,"href":"https:\/\/vsklosterneuburg-hermann.ac.at\/index.php?rest_route=%2Fwp%2Fv2%2Fcomments&post=4950"}],"version-history":[{"count":5,"href":"https:\/\/vsklosterneuburg-hermann.ac.at\/index.php?rest_route=\/wp\/v2\/posts\/4950\/revisions"}],"predecessor-version":[{"id":4956,"href":"https:\/\/vsklosterneuburg-hermann.ac.at\/index.php?rest_route=\/wp\/v2\/posts\/4950\/revisions\/4956"}],"wp:featuredmedia":[{"embeddable":true,"href":"https:\/\/vsklosterneuburg-hermann.ac.at\/index.php?rest_route=\/wp\/v2\/media\/4957"}],"wp:attachment":[{"href":"https:\/\/vsklosterneuburg-hermann.ac.at\/index.php?rest_route=%2Fwp%2Fv2%2Fmedia&parent=4950"}],"wp:term":[{"taxonomy":"category","embeddable":true,"href":"https:\/\/vsklosterneuburg-hermann.ac.at\/index.php?rest_route=%2Fwp%2Fv2%2Fcategories&post=4950"},{"taxonomy":"post_tag","embeddable":true,"href":"https:\/\/vsklosterneuburg-hermann.ac.at\/index.php?rest_route=%2Fwp%2Fv2%2Ftags&post=4950"}],"curies":[{"name":"wp","href":"https:\/\/api.w.org\/{rel}","templated":true}]}}