{"id":4962,"date":"2026-03-17T14:39:46","date_gmt":"2026-03-17T13:39:46","guid":{"rendered":"https:\/\/vsklosterneuburg-hermann.ac.at\/?p=4962"},"modified":"2026-03-17T14:39:50","modified_gmt":"2026-03-17T13:39:50","slug":"muellsammelaktion-der-2a","status":"publish","type":"post","link":"https:\/\/vsklosterneuburg-hermann.ac.at\/?p=4962","title":{"rendered":"M\u00fcllsammelaktion der 2a"},"content":{"rendered":"\t\t<div data-elementor-type=\"wp-post\" data-elementor-id=\"4962\" class=\"elementor elementor-4962\" data-elementor-post-type=\"post\">\n\t\t\t\t\t\t<section class=\"elementor-section elementor-top-section elementor-element elementor-element-a2b8ccf elementor-section-boxed elementor-section-height-default elementor-section-height-default\" data-id=\"a2b8ccf\" data-element_type=\"section\">\n\t\t\t\t\t\t<div class=\"elementor-container elementor-column-gap-default\">\n\t\t\t\t\t<div class=\"elementor-column elementor-col-100 elementor-top-column elementor-element elementor-element-c970f95\" data-id=\"c970f95\" data-element_type=\"column\">\n\t\t\t<div class=\"elementor-widget-wrap elementor-element-populated\">\n\t\t\t\t\t\t<section class=\"elementor-section elementor-inner-section elementor-element elementor-element-143b667 elementor-section-boxed elementor-section-height-default elementor-section-height-default\" data-id=\"143b667\" data-element_type=\"section\">\n\t\t\t\t\t\t<div class=\"elementor-container elementor-column-gap-default\">\n\t\t\t\t\t<div class=\"elementor-column elementor-col-50 elementor-inner-column elementor-element elementor-element-c1115e5\" data-id=\"c1115e5\" data-element_type=\"column\">\n\t\t\t<div class=\"elementor-widget-wrap elementor-element-populated\">\n\t\t\t\t\t\t<div class=\"elementor-element elementor-element-91d4f89 elementor-widget elementor-widget-image\" data-id=\"91d4f89\" data-element_type=\"widget\" data-widget_type=\"image.default\">\n\t\t\t\t<div class=\"elementor-widget-container\">\n\t\t\t\t\t\t\t\t\t\t\t\t\t\t\t<img fetchpriority=\"high\" decoding=\"async\" width=\"576\" height=\"1024\" src=\"https:\/\/vsklosterneuburg-hermann.ac.at\/wp-content\/uploads\/2026\/03\/muellsammeln-1-576x1024.jpeg\" class=\"attachment-large size-large wp-image-4964\" alt=\"\" srcset=\"https:\/\/vsklosterneuburg-hermann.ac.at\/wp-content\/uploads\/2026\/03\/muellsammeln-1-576x1024.jpeg 576w, https:\/\/vsklosterneuburg-hermann.ac.at\/wp-content\/uploads\/2026\/03\/muellsammeln-1-169x300.jpeg 169w, https:\/\/vsklosterneuburg-hermann.ac.at\/wp-content\/uploads\/2026\/03\/muellsammeln-1-768x1365.jpeg 768w, https:\/\/vsklosterneuburg-hermann.ac.at\/wp-content\/uploads\/2026\/03\/muellsammeln-1-864x1536.jpeg 864w, https:\/\/vsklosterneuburg-hermann.ac.at\/wp-content\/uploads\/2026\/03\/muellsammeln-1.jpeg 1080w\" sizes=\"(max-width: 576px) 100vw, 576px\" \/>\t\t\t\t\t\t\t\t\t\t\t\t\t\t\t<\/div>\n\t\t\t\t<\/div>\n\t\t\t\t\t<\/div>\n\t\t<\/div>\n\t\t\t\t<div class=\"elementor-column elementor-col-50 elementor-inner-column elementor-element elementor-element-2665888\" data-id=\"2665888\" data-element_type=\"column\">\n\t\t\t<div class=\"elementor-widget-wrap elementor-element-populated\">\n\t\t\t\t\t\t<div class=\"elementor-element elementor-element-2cfa4e5 elementor-widget elementor-widget-text-editor\" data-id=\"2cfa4e5\" data-element_type=\"widget\" data-widget_type=\"text-editor.default\">\n\t\t\t\t<div class=\"elementor-widget-container\">\n\t\t\t\t\t\t\t\t\t<p data-start=\"0\" data-end=\"249\">Die Kinder der 2a-Klasse waren im Aupark unterwegs, um gemeinsam M\u00fcll zu sammeln und einen Beitrag zum Umweltschutz zu leisten.<\/p><p data-start=\"0\" data-end=\"249\">Mit Handschuhen, Greifzangen und M\u00fclls\u00e4cken ausger\u00fcstet machten sie sich motiviert ans Werk und durchk\u00e4mmten Wiesen, Wege und Geb\u00fcsch.<\/p><p data-start=\"251\" data-end=\"496\">Die Sch\u00fclerinnen und Sch\u00fcler waren erstaunt, wie viel M\u00fcll achtlos weggeworfen wird, und erkannten, wie wichtig es ist, die Natur zu sch\u00fctzen.<\/p><p data-start=\"498\" data-end=\"728\" data-is-last-node=\"\" data-is-only-node=\"\">Die Aktion hat nicht nur den Aupark ein St\u00fcck sauberer gemacht, sondern auch das Umweltbewusstsein der Kinder gest\u00e4rkt.<\/p>\t\t\t\t\t\t\t\t<\/div>\n\t\t\t\t<\/div>\n\t\t\t\t\t<\/div>\n\t\t<\/div>\n\t\t\t\t\t<\/div>\n\t\t<\/section>\n\t\t\t\t\t<\/div>\n\t\t<\/div>\n\t\t\t\t\t<\/div>\n\t\t<\/section>\n\t\t\t\t<\/div>\n\t\t","protected":false},"excerpt":{"rendered":"<p>Die Kinder der 2a-Klasse waren im Aupark unterwegs, um gemeinsam M\u00fcll zu sammeln und einen Beitrag zum Umweltschutz zu leisten. Mit Handschuhen, Greifzangen und M\u00fclls\u00e4cken ausger\u00fcstet machten sie sich motiviert ans Werk und durchk\u00e4mmten Wiesen, Wege und Geb\u00fcsch. Die Sch\u00fclerinnen und Sch\u00fcler waren erstaunt, wie viel M\u00fcll achtlos weggeworfen wird, und erkannten, wie wichtig es [&hellip;]<\/p>\n","protected":false},"author":31,"featured_media":4969,"comment_status":"open","ping_status":"open","sticky":false,"template":"","format":"standard","meta":{"site-sidebar-layout":"default","site-content-layout":"","ast-site-content-layout":"default","site-content-style":"default","site-sidebar-style":"default","ast-global-header-display":"","ast-banner-title-visibility":"","ast-main-header-display":"","ast-hfb-above-header-display":"","ast-hfb-below-header-display":"","ast-hfb-mobile-header-display":"","site-post-title":"","ast-breadcrumbs-content":"","ast-featured-img":"","footer-sml-layout":"","theme-transparent-header-meta":"","adv-header-id-meta":"","stick-header-meta":"","header-above-stick-meta":"","header-main-stick-meta":"","header-below-stick-meta":"","astra-migrate-meta-layouts":"set","ast-page-background-enabled":"default","ast-page-background-meta":{"desktop":{"background-color":"var(--ast-global-color-4)","background-image":"","background-repeat":"repeat","background-position":"center center","background-size":"auto","background-attachment":"scroll","background-type":"","background-media":"","overlay-type":"","overlay-color":"","overlay-opacity":"","overlay-gradient":""},"tablet":{"background-color":"","background-image":"","background-repeat":"repeat","background-position":"center center","background-size":"auto","background-attachment":"scroll","background-type":"","background-media":"","overlay-type":"","overlay-color":"","overlay-opacity":"","overlay-gradient":""},"mobile":{"background-color":"","background-image":"","background-repeat":"repeat","background-position":"center center","background-size":"auto","background-attachment":"scroll","background-type":"","background-media":"","overlay-type":"","overlay-color":"","overlay-opacity":"","overlay-gradient":""}},"ast-content-background-meta":{"desktop":{"background-color":"var(--ast-global-color-5)","background-image":"","background-repeat":"repeat","background-position":"center center","background-size":"auto","background-attachment":"scroll","background-type":"","background-media":"","overlay-type":"","overlay-color":"","overlay-opacity":"","overlay-gradient":""},"tablet":{"background-color":"var(--ast-global-color-5)","background-image":"","background-repeat":"repeat","background-position":"center center","background-size":"auto","background-attachment":"scroll","background-type":"","background-media":"","overlay-type":"","overlay-color":"","overlay-opacity":"","overlay-gradient":""},"mobile":{"background-color":"var(--ast-global-color-5)","background-image":"","background-repeat":"repeat","background-position":"center center","background-size":"auto","background-attachment":"scroll","background-type":"","background-media":"","overlay-type":"","overlay-color":"","overlay-opacity":"","overlay-gradient":""}},"footnotes":""},"categories":[13,23],"tags":[],"class_list":["post-4962","post","type-post","status-publish","format-standard","has-post-thumbnail","hentry","category-vs","category-vs-25-26"],"yoast_head":"<!-- This site is optimized with the Yoast SEO plugin v25.8 - https:\/\/yoast.com\/wordpress\/plugins\/seo\/ -->\n<title>M\u00fcllsammelaktion der 2a - ASO\/VS Klosterneuburg<\/title>\n<meta name=\"robots\" content=\"index, follow, max-snippet:-1, max-image-preview:large, max-video-preview:-1\" \/>\n<link rel=\"canonical\" href=\"https:\/\/vsklosterneuburg-hermann.ac.at\/?p=4962\" \/>\n<meta property=\"og:locale\" content=\"de_DE\" \/>\n<meta property=\"og:type\" content=\"article\" \/>\n<meta property=\"og:title\" content=\"M\u00fcllsammelaktion der 2a - ASO\/VS Klosterneuburg\" \/>\n<meta property=\"og:description\" content=\"Die Kinder der 2a-Klasse waren im Aupark unterwegs, um gemeinsam M\u00fcll zu sammeln und einen Beitrag zum Umweltschutz zu leisten. Mit Handschuhen, Greifzangen und M\u00fclls\u00e4cken ausger\u00fcstet machten sie sich motiviert ans Werk und durchk\u00e4mmten Wiesen, Wege und Geb\u00fcsch. Die Sch\u00fclerinnen und Sch\u00fcler waren erstaunt, wie viel M\u00fcll achtlos weggeworfen wird, und erkannten, wie wichtig es [&hellip;]\" \/>\n<meta property=\"og:url\" content=\"https:\/\/vsklosterneuburg-hermann.ac.at\/?p=4962\" \/>\n<meta property=\"og:site_name\" content=\"ASO\/VS Klosterneuburg\" \/>\n<meta property=\"article:published_time\" content=\"2026-03-17T13:39:46+00:00\" \/>\n<meta property=\"article:modified_time\" content=\"2026-03-17T13:39:50+00:00\" \/>\n<meta property=\"og:image\" content=\"https:\/\/vsklosterneuburg-hermann.ac.at\/wp-content\/uploads\/2026\/03\/muellsammeln-2.jpeg\" \/>\n\t<meta property=\"og:image:width\" content=\"2048\" \/>\n\t<meta property=\"og:image:height\" content=\"1490\" \/>\n\t<meta property=\"og:image:type\" content=\"image\/jpeg\" \/>\n<meta name=\"author\" content=\"Anna Profous\" \/>\n<meta name=\"twitter:card\" content=\"summary_large_image\" \/>\n<meta name=\"twitter:label1\" content=\"Verfasst von\" \/>\n\t<meta name=\"twitter:data1\" content=\"Anna Profous\" \/>\n\t<meta name=\"twitter:label2\" content=\"Gesch\u00e4tzte Lesezeit\" \/>\n\t<meta name=\"twitter:data2\" content=\"1 Minute\" \/>\n<script type=\"application\/ld+json\" class=\"yoast-schema-graph\">{\"@context\":\"https:\/\/schema.org\",\"@graph\":[{\"@type\":\"Article\",\"@id\":\"https:\/\/vsklosterneuburg-hermann.ac.at\/?p=4962#article\",\"isPartOf\":{\"@id\":\"https:\/\/vsklosterneuburg-hermann.ac.at\/?p=4962\"},\"author\":{\"name\":\"Anna Profous\",\"@id\":\"https:\/\/vsklosterneuburg-hermann.ac.at\/#\/schema\/person\/526ba02500b5c3289c90e4d264469318\"},\"headline\":\"M\u00fcllsammelaktion der 2a\",\"datePublished\":\"2026-03-17T13:39:46+00:00\",\"dateModified\":\"2026-03-17T13:39:50+00:00\",\"mainEntityOfPage\":{\"@id\":\"https:\/\/vsklosterneuburg-hermann.ac.at\/?p=4962\"},\"wordCount\":94,\"commentCount\":0,\"publisher\":{\"@id\":\"https:\/\/vsklosterneuburg-hermann.ac.at\/#organization\"},\"image\":{\"@id\":\"https:\/\/vsklosterneuburg-hermann.ac.at\/?p=4962#primaryimage\"},\"thumbnailUrl\":\"https:\/\/vsklosterneuburg-hermann.ac.at\/wp-content\/uploads\/2026\/03\/muellsammeln-2.jpeg\",\"articleSection\":[\"VS\",\"VS-25\/26\"],\"inLanguage\":\"de-AT\",\"potentialAction\":[{\"@type\":\"CommentAction\",\"name\":\"Comment\",\"target\":[\"https:\/\/vsklosterneuburg-hermann.ac.at\/?p=4962#respond\"]}]},{\"@type\":\"WebPage\",\"@id\":\"https:\/\/vsklosterneuburg-hermann.ac.at\/?p=4962\",\"url\":\"https:\/\/vsklosterneuburg-hermann.ac.at\/?p=4962\",\"name\":\"M\u00fcllsammelaktion der 2a - ASO\/VS Klosterneuburg\",\"isPartOf\":{\"@id\":\"https:\/\/vsklosterneuburg-hermann.ac.at\/#website\"},\"primaryImageOfPage\":{\"@id\":\"https:\/\/vsklosterneuburg-hermann.ac.at\/?p=4962#primaryimage\"},\"image\":{\"@id\":\"https:\/\/vsklosterneuburg-hermann.ac.at\/?p=4962#primaryimage\"},\"thumbnailUrl\":\"https:\/\/vsklosterneuburg-hermann.ac.at\/wp-content\/uploads\/2026\/03\/muellsammeln-2.jpeg\",\"datePublished\":\"2026-03-17T13:39:46+00:00\",\"dateModified\":\"2026-03-17T13:39:50+00:00\",\"breadcrumb\":{\"@id\":\"https:\/\/vsklosterneuburg-hermann.ac.at\/?p=4962#breadcrumb\"},\"inLanguage\":\"de-AT\",\"potentialAction\":[{\"@type\":\"ReadAction\",\"target\":[\"https:\/\/vsklosterneuburg-hermann.ac.at\/?p=4962\"]}]},{\"@type\":\"ImageObject\",\"inLanguage\":\"de-AT\",\"@id\":\"https:\/\/vsklosterneuburg-hermann.ac.at\/?p=4962#primaryimage\",\"url\":\"https:\/\/vsklosterneuburg-hermann.ac.at\/wp-content\/uploads\/2026\/03\/muellsammeln-2.jpeg\",\"contentUrl\":\"https:\/\/vsklosterneuburg-hermann.ac.at\/wp-content\/uploads\/2026\/03\/muellsammeln-2.jpeg\",\"width\":2048,\"height\":1490},{\"@type\":\"BreadcrumbList\",\"@id\":\"https:\/\/vsklosterneuburg-hermann.ac.at\/?p=4962#breadcrumb\",\"itemListElement\":[{\"@type\":\"ListItem\",\"position\":1,\"name\":\"Startseite\",\"item\":\"https:\/\/vsklosterneuburg-hermann.ac.at\/\"},{\"@type\":\"ListItem\",\"position\":2,\"name\":\"M\u00fcllsammelaktion der 2a\"}]},{\"@type\":\"WebSite\",\"@id\":\"https:\/\/vsklosterneuburg-hermann.ac.at\/#website\",\"url\":\"https:\/\/vsklosterneuburg-hermann.ac.at\/\",\"name\":\"ASO\/VS Klosterneuburg\",\"description\":\"Homepage der ASO\/VS Klosterneuburg\",\"publisher\":{\"@id\":\"https:\/\/vsklosterneuburg-hermann.ac.at\/#organization\"},\"potentialAction\":[{\"@type\":\"SearchAction\",\"target\":{\"@type\":\"EntryPoint\",\"urlTemplate\":\"https:\/\/vsklosterneuburg-hermann.ac.at\/?s={search_term_string}\"},\"query-input\":{\"@type\":\"PropertyValueSpecification\",\"valueRequired\":true,\"valueName\":\"search_term_string\"}}],\"inLanguage\":\"de-AT\"},{\"@type\":\"Organization\",\"@id\":\"https:\/\/vsklosterneuburg-hermann.ac.at\/#organization\",\"name\":\"ASO\/VS Klosterneuburg\",\"url\":\"https:\/\/vsklosterneuburg-hermann.ac.at\/\",\"logo\":{\"@type\":\"ImageObject\",\"inLanguage\":\"de-AT\",\"@id\":\"https:\/\/vsklosterneuburg-hermann.ac.at\/#\/schema\/logo\/image\/\",\"url\":\"https:\/\/vsklosterneuburg-hermann.ac.at\/wp-content\/uploads\/2023\/08\/SchuleimZentrum-Logo-gemeinsam-alternativ_online.png\",\"contentUrl\":\"https:\/\/vsklosterneuburg-hermann.ac.at\/wp-content\/uploads\/2023\/08\/SchuleimZentrum-Logo-gemeinsam-alternativ_online.png\",\"width\":2500,\"height\":2500,\"caption\":\"ASO\/VS Klosterneuburg\"},\"image\":{\"@id\":\"https:\/\/vsklosterneuburg-hermann.ac.at\/#\/schema\/logo\/image\/\"}},{\"@type\":\"Person\",\"@id\":\"https:\/\/vsklosterneuburg-hermann.ac.at\/#\/schema\/person\/526ba02500b5c3289c90e4d264469318\",\"name\":\"Anna Profous\",\"image\":{\"@type\":\"ImageObject\",\"inLanguage\":\"de-AT\",\"@id\":\"https:\/\/vsklosterneuburg-hermann.ac.at\/#\/schema\/person\/image\/\",\"url\":\"https:\/\/secure.gravatar.com\/avatar\/b17d2a5206bc49ccd1f18227d30aae61c9b88dab2aea2fdc786c3c3337d0e289?s=96&d=mm&r=g\",\"contentUrl\":\"https:\/\/secure.gravatar.com\/avatar\/b17d2a5206bc49ccd1f18227d30aae61c9b88dab2aea2fdc786c3c3337d0e289?s=96&d=mm&r=g\",\"caption\":\"Anna Profous\"},\"url\":\"https:\/\/vsklosterneuburg-hermann.ac.at\/?author=31\"}]}<\/script>\n<!-- \/ Yoast SEO plugin. -->","yoast_head_json":{"title":"M\u00fcllsammelaktion der 2a - ASO\/VS Klosterneuburg","robots":{"index":"index","follow":"follow","max-snippet":"max-snippet:-1","max-image-preview":"max-image-preview:large","max-video-preview":"max-video-preview:-1"},"canonical":"https:\/\/vsklosterneuburg-hermann.ac.at\/?p=4962","og_locale":"de_DE","og_type":"article","og_title":"M\u00fcllsammelaktion der 2a - ASO\/VS Klosterneuburg","og_description":"Die Kinder der 2a-Klasse waren im Aupark unterwegs, um gemeinsam M\u00fcll zu sammeln und einen Beitrag zum Umweltschutz zu leisten. Mit Handschuhen, Greifzangen und M\u00fclls\u00e4cken ausger\u00fcstet machten sie sich motiviert ans Werk und durchk\u00e4mmten Wiesen, Wege und Geb\u00fcsch. Die Sch\u00fclerinnen und Sch\u00fcler waren erstaunt, wie viel M\u00fcll achtlos weggeworfen wird, und erkannten, wie wichtig es [&hellip;]","og_url":"https:\/\/vsklosterneuburg-hermann.ac.at\/?p=4962","og_site_name":"ASO\/VS Klosterneuburg","article_published_time":"2026-03-17T13:39:46+00:00","article_modified_time":"2026-03-17T13:39:50+00:00","og_image":[{"width":2048,"height":1490,"url":"https:\/\/vsklosterneuburg-hermann.ac.at\/wp-content\/uploads\/2026\/03\/muellsammeln-2.jpeg","type":"image\/jpeg"}],"author":"Anna Profous","twitter_card":"summary_large_image","twitter_misc":{"Verfasst von":"Anna Profous","Gesch\u00e4tzte Lesezeit":"1 Minute"},"schema":{"@context":"https:\/\/schema.org","@graph":[{"@type":"Article","@id":"https:\/\/vsklosterneuburg-hermann.ac.at\/?p=4962#article","isPartOf":{"@id":"https:\/\/vsklosterneuburg-hermann.ac.at\/?p=4962"},"author":{"name":"Anna Profous","@id":"https:\/\/vsklosterneuburg-hermann.ac.at\/#\/schema\/person\/526ba02500b5c3289c90e4d264469318"},"headline":"M\u00fcllsammelaktion der 2a","datePublished":"2026-03-17T13:39:46+00:00","dateModified":"2026-03-17T13:39:50+00:00","mainEntityOfPage":{"@id":"https:\/\/vsklosterneuburg-hermann.ac.at\/?p=4962"},"wordCount":94,"commentCount":0,"publisher":{"@id":"https:\/\/vsklosterneuburg-hermann.ac.at\/#organization"},"image":{"@id":"https:\/\/vsklosterneuburg-hermann.ac.at\/?p=4962#primaryimage"},"thumbnailUrl":"https:\/\/vsklosterneuburg-hermann.ac.at\/wp-content\/uploads\/2026\/03\/muellsammeln-2.jpeg","articleSection":["VS","VS-25\/26"],"inLanguage":"de-AT","potentialAction":[{"@type":"CommentAction","name":"Comment","target":["https:\/\/vsklosterneuburg-hermann.ac.at\/?p=4962#respond"]}]},{"@type":"WebPage","@id":"https:\/\/vsklosterneuburg-hermann.ac.at\/?p=4962","url":"https:\/\/vsklosterneuburg-hermann.ac.at\/?p=4962","name":"M\u00fcllsammelaktion der 2a - ASO\/VS Klosterneuburg","isPartOf":{"@id":"https:\/\/vsklosterneuburg-hermann.ac.at\/#website"},"primaryImageOfPage":{"@id":"https:\/\/vsklosterneuburg-hermann.ac.at\/?p=4962#primaryimage"},"image":{"@id":"https:\/\/vsklosterneuburg-hermann.ac.at\/?p=4962#primaryimage"},"thumbnailUrl":"https:\/\/vsklosterneuburg-hermann.ac.at\/wp-content\/uploads\/2026\/03\/muellsammeln-2.jpeg","datePublished":"2026-03-17T13:39:46+00:00","dateModified":"2026-03-17T13:39:50+00:00","breadcrumb":{"@id":"https:\/\/vsklosterneuburg-hermann.ac.at\/?p=4962#breadcrumb"},"inLanguage":"de-AT","potentialAction":[{"@type":"ReadAction","target":["https:\/\/vsklosterneuburg-hermann.ac.at\/?p=4962"]}]},{"@type":"ImageObject","inLanguage":"de-AT","@id":"https:\/\/vsklosterneuburg-hermann.ac.at\/?p=4962#primaryimage","url":"https:\/\/vsklosterneuburg-hermann.ac.at\/wp-content\/uploads\/2026\/03\/muellsammeln-2.jpeg","contentUrl":"https:\/\/vsklosterneuburg-hermann.ac.at\/wp-content\/uploads\/2026\/03\/muellsammeln-2.jpeg","width":2048,"height":1490},{"@type":"BreadcrumbList","@id":"https:\/\/vsklosterneuburg-hermann.ac.at\/?p=4962#breadcrumb","itemListElement":[{"@type":"ListItem","position":1,"name":"Startseite","item":"https:\/\/vsklosterneuburg-hermann.ac.at\/"},{"@type":"ListItem","position":2,"name":"M\u00fcllsammelaktion der 2a"}]},{"@type":"WebSite","@id":"https:\/\/vsklosterneuburg-hermann.ac.at\/#website","url":"https:\/\/vsklosterneuburg-hermann.ac.at\/","name":"ASO\/VS Klosterneuburg","description":"Homepage der ASO\/VS Klosterneuburg","publisher":{"@id":"https:\/\/vsklosterneuburg-hermann.ac.at\/#organization"},"potentialAction":[{"@type":"SearchAction","target":{"@type":"EntryPoint","urlTemplate":"https:\/\/vsklosterneuburg-hermann.ac.at\/?s={search_term_string}"},"query-input":{"@type":"PropertyValueSpecification","valueRequired":true,"valueName":"search_term_string"}}],"inLanguage":"de-AT"},{"@type":"Organization","@id":"https:\/\/vsklosterneuburg-hermann.ac.at\/#organization","name":"ASO\/VS Klosterneuburg","url":"https:\/\/vsklosterneuburg-hermann.ac.at\/","logo":{"@type":"ImageObject","inLanguage":"de-AT","@id":"https:\/\/vsklosterneuburg-hermann.ac.at\/#\/schema\/logo\/image\/","url":"https:\/\/vsklosterneuburg-hermann.ac.at\/wp-content\/uploads\/2023\/08\/SchuleimZentrum-Logo-gemeinsam-alternativ_online.png","contentUrl":"https:\/\/vsklosterneuburg-hermann.ac.at\/wp-content\/uploads\/2023\/08\/SchuleimZentrum-Logo-gemeinsam-alternativ_online.png","width":2500,"height":2500,"caption":"ASO\/VS Klosterneuburg"},"image":{"@id":"https:\/\/vsklosterneuburg-hermann.ac.at\/#\/schema\/logo\/image\/"}},{"@type":"Person","@id":"https:\/\/vsklosterneuburg-hermann.ac.at\/#\/schema\/person\/526ba02500b5c3289c90e4d264469318","name":"Anna Profous","image":{"@type":"ImageObject","inLanguage":"de-AT","@id":"https:\/\/vsklosterneuburg-hermann.ac.at\/#\/schema\/person\/image\/","url":"https:\/\/secure.gravatar.com\/avatar\/b17d2a5206bc49ccd1f18227d30aae61c9b88dab2aea2fdc786c3c3337d0e289?s=96&d=mm&r=g","contentUrl":"https:\/\/secure.gravatar.com\/avatar\/b17d2a5206bc49ccd1f18227d30aae61c9b88dab2aea2fdc786c3c3337d0e289?s=96&d=mm&r=g","caption":"Anna Profous"},"url":"https:\/\/vsklosterneuburg-hermann.ac.at\/?author=31"}]}},"_links":{"self":[{"href":"https:\/\/vsklosterneuburg-hermann.ac.at\/index.php?rest_route=\/wp\/v2\/posts\/4962","targetHints":{"allow":["GET"]}}],"collection":[{"href":"https:\/\/vsklosterneuburg-hermann.ac.at\/index.php?rest_route=\/wp\/v2\/posts"}],"about":[{"href":"https:\/\/vsklosterneuburg-hermann.ac.at\/index.php?rest_route=\/wp\/v2\/types\/post"}],"author":[{"embeddable":true,"href":"https:\/\/vsklosterneuburg-hermann.ac.at\/index.php?rest_route=\/wp\/v2\/users\/31"}],"replies":[{"embeddable":true,"href":"https:\/\/vsklosterneuburg-hermann.ac.at\/index.php?rest_route=%2Fwp%2Fv2%2Fcomments&post=4962"}],"version-history":[{"count":5,"href":"https:\/\/vsklosterneuburg-hermann.ac.at\/index.php?rest_route=\/wp\/v2\/posts\/4962\/revisions"}],"predecessor-version":[{"id":4968,"href":"https:\/\/vsklosterneuburg-hermann.ac.at\/index.php?rest_route=\/wp\/v2\/posts\/4962\/revisions\/4968"}],"wp:featuredmedia":[{"embeddable":true,"href":"https:\/\/vsklosterneuburg-hermann.ac.at\/index.php?rest_route=\/wp\/v2\/media\/4969"}],"wp:attachment":[{"href":"https:\/\/vsklosterneuburg-hermann.ac.at\/index.php?rest_route=%2Fwp%2Fv2%2Fmedia&parent=4962"}],"wp:term":[{"taxonomy":"category","embeddable":true,"href":"https:\/\/vsklosterneuburg-hermann.ac.at\/index.php?rest_route=%2Fwp%2Fv2%2Fcategories&post=4962"},{"taxonomy":"post_tag","embeddable":true,"href":"https:\/\/vsklosterneuburg-hermann.ac.at\/index.php?rest_route=%2Fwp%2Fv2%2Ftags&post=4962"}],"curies":[{"name":"wp","href":"https:\/\/api.w.org\/{rel}","templated":true}]}}