{"id":5084,"date":"2026-04-28T17:26:14","date_gmt":"2026-04-28T15:26:14","guid":{"rendered":"https:\/\/vsklosterneuburg-hermann.ac.at\/?p=5084"},"modified":"2026-04-29T11:52:38","modified_gmt":"2026-04-29T09:52:38","slug":"kinder-eis-anradeln-2026","status":"publish","type":"post","link":"https:\/\/vsklosterneuburg-hermann.ac.at\/?p=5084","title":{"rendered":"Kinder-Eis-Anradeln 2026"},"content":{"rendered":"\t\t<div data-elementor-type=\"wp-post\" data-elementor-id=\"5084\" class=\"elementor elementor-5084\" data-elementor-post-type=\"post\">\n\t\t\t\t\t\t<section class=\"elementor-section elementor-top-section elementor-element elementor-element-5fd54d0 elementor-section-boxed elementor-section-height-default elementor-section-height-default\" data-id=\"5fd54d0\" data-element_type=\"section\">\n\t\t\t\t\t\t<div class=\"elementor-container elementor-column-gap-default\">\n\t\t\t\t\t<div class=\"elementor-column elementor-col-50 elementor-top-column elementor-element elementor-element-1f26501\" data-id=\"1f26501\" data-element_type=\"column\">\n\t\t\t<div class=\"elementor-widget-wrap elementor-element-populated\">\n\t\t\t\t\t\t<div class=\"elementor-element elementor-element-06cf395 elementor-widget elementor-widget-gallery\" data-id=\"06cf395\" data-element_type=\"widget\" data-settings=\"{&quot;gallery_layout&quot;:&quot;justified&quot;,&quot;lazyload&quot;:&quot;yes&quot;,&quot;ideal_row_height&quot;:{&quot;unit&quot;:&quot;px&quot;,&quot;size&quot;:200,&quot;sizes&quot;:[]},&quot;ideal_row_height_widescreen&quot;:{&quot;unit&quot;:&quot;px&quot;,&quot;size&quot;:&quot;&quot;,&quot;sizes&quot;:[]},&quot;ideal_row_height_laptop&quot;:{&quot;unit&quot;:&quot;px&quot;,&quot;size&quot;:150,&quot;sizes&quot;:[]},&quot;ideal_row_height_tablet_extra&quot;:{&quot;unit&quot;:&quot;px&quot;,&quot;size&quot;:150,&quot;sizes&quot;:[]},&quot;ideal_row_height_tablet&quot;:{&quot;unit&quot;:&quot;px&quot;,&quot;size&quot;:150,&quot;sizes&quot;:[]},&quot;ideal_row_height_mobile_extra&quot;:{&quot;unit&quot;:&quot;px&quot;,&quot;size&quot;:150,&quot;sizes&quot;:[]},&quot;ideal_row_height_mobile&quot;:{&quot;unit&quot;:&quot;px&quot;,&quot;size&quot;:150,&quot;sizes&quot;:[]},&quot;gap&quot;:{&quot;unit&quot;:&quot;px&quot;,&quot;size&quot;:10,&quot;sizes&quot;:[]},&quot;gap_widescreen&quot;:{&quot;unit&quot;:&quot;px&quot;,&quot;size&quot;:&quot;&quot;,&quot;sizes&quot;:[]},&quot;gap_laptop&quot;:{&quot;unit&quot;:&quot;px&quot;,&quot;size&quot;:10,&quot;sizes&quot;:[]},&quot;gap_tablet_extra&quot;:{&quot;unit&quot;:&quot;px&quot;,&quot;size&quot;:10,&quot;sizes&quot;:[]},&quot;gap_tablet&quot;:{&quot;unit&quot;:&quot;px&quot;,&quot;size&quot;:10,&quot;sizes&quot;:[]},&quot;gap_mobile_extra&quot;:{&quot;unit&quot;:&quot;px&quot;,&quot;size&quot;:10,&quot;sizes&quot;:[]},&quot;gap_mobile&quot;:{&quot;unit&quot;:&quot;px&quot;,&quot;size&quot;:10,&quot;sizes&quot;:[]},&quot;link_to&quot;:&quot;file&quot;,&quot;overlay_background&quot;:&quot;yes&quot;,&quot;content_hover_animation&quot;:&quot;fade-in&quot;}\" data-widget_type=\"gallery.default\">\n\t\t\t\t<div class=\"elementor-widget-container\">\n\t\t\t\t\t\t\t<div class=\"elementor-gallery__container\">\n\t\t\t\t\t\t\t<a class=\"e-gallery-item elementor-gallery-item elementor-animated-content\" href=\"https:\/\/vsklosterneuburg-hermann.ac.at\/wp-content\/uploads\/2026\/04\/IMG_4954-rotated.jpeg\" data-elementor-open-lightbox=\"yes\" data-elementor-lightbox-slideshow=\"06cf395\" data-elementor-lightbox-title=\"IMG_4954\" data-e-action-hash=\"#elementor-action%3Aaction%3Dlightbox%26settings%3DeyJpZCI6NTA4OCwidXJsIjoiaHR0cHM6XC9cL3Zza2xvc3Rlcm5ldWJ1cmctaGVybWFubi5hYy5hdFwvd3AtY29udGVudFwvdXBsb2Fkc1wvMjAyNlwvMDRcL0lNR180OTU0LXJvdGF0ZWQuanBlZyIsInNsaWRlc2hvdyI6IjA2Y2YzOTUifQ%3D%3D\">\n\t\t\t\t\t<div class=\"e-gallery-image elementor-gallery-item__image\" data-thumbnail=\"https:\/\/vsklosterneuburg-hermann.ac.at\/wp-content\/uploads\/2026\/04\/IMG_4954-225x300.jpeg\" data-width=\"225\" data-height=\"300\" aria-label=\"\" role=\"img\" ><\/div>\n\t\t\t\t\t\t\t\t\t\t\t<div class=\"elementor-gallery-item__overlay\"><\/div>\n\t\t\t\t\t\t\t\t\t\t\t\t\t\t<\/a>\n\t\t\t\t\t\t\t<a class=\"e-gallery-item elementor-gallery-item elementor-animated-content\" href=\"https:\/\/vsklosterneuburg-hermann.ac.at\/wp-content\/uploads\/2026\/04\/Dirk_kl-rotated.jpg\" data-elementor-open-lightbox=\"yes\" data-elementor-lightbox-slideshow=\"06cf395\" data-elementor-lightbox-title=\"Dirk_kl\" data-e-action-hash=\"#elementor-action%3Aaction%3Dlightbox%26settings%3DeyJpZCI6NTA4NywidXJsIjoiaHR0cHM6XC9cL3Zza2xvc3Rlcm5ldWJ1cmctaGVybWFubi5hYy5hdFwvd3AtY29udGVudFwvdXBsb2Fkc1wvMjAyNlwvMDRcL0Rpcmtfa2wtcm90YXRlZC5qcGciLCJzbGlkZXNob3ciOiIwNmNmMzk1In0%3D\">\n\t\t\t\t\t<div class=\"e-gallery-image elementor-gallery-item__image\" data-thumbnail=\"https:\/\/vsklosterneuburg-hermann.ac.at\/wp-content\/uploads\/2026\/04\/Dirk_kl-225x300.jpg\" data-width=\"225\" data-height=\"300\" aria-label=\"\" role=\"img\" ><\/div>\n\t\t\t\t\t\t\t\t\t\t\t<div class=\"elementor-gallery-item__overlay\"><\/div>\n\t\t\t\t\t\t\t\t\t\t\t\t\t\t<\/a>\n\t\t\t\t\t\t\t<a class=\"e-gallery-item elementor-gallery-item elementor-animated-content\" href=\"https:\/\/vsklosterneuburg-hermann.ac.at\/wp-content\/uploads\/2026\/04\/Dino.jpg\" data-elementor-open-lightbox=\"yes\" data-elementor-lightbox-slideshow=\"06cf395\" data-elementor-lightbox-title=\"Dino\" data-e-action-hash=\"#elementor-action%3Aaction%3Dlightbox%26settings%3DeyJpZCI6NTA4NiwidXJsIjoiaHR0cHM6XC9cL3Zza2xvc3Rlcm5ldWJ1cmctaGVybWFubi5hYy5hdFwvd3AtY29udGVudFwvdXBsb2Fkc1wvMjAyNlwvMDRcL0Rpbm8uanBnIiwic2xpZGVzaG93IjoiMDZjZjM5NSJ9\">\n\t\t\t\t\t<div class=\"e-gallery-image elementor-gallery-item__image\" data-thumbnail=\"https:\/\/vsklosterneuburg-hermann.ac.at\/wp-content\/uploads\/2026\/04\/Dino-300x256.jpg\" data-width=\"300\" data-height=\"256\" aria-label=\"\" role=\"img\" ><\/div>\n\t\t\t\t\t\t\t\t\t\t\t<div class=\"elementor-gallery-item__overlay\"><\/div>\n\t\t\t\t\t\t\t\t\t\t\t\t\t\t<\/a>\n\t\t\t\t\t\t\t<a class=\"e-gallery-item elementor-gallery-item elementor-animated-content\" href=\"https:\/\/vsklosterneuburg-hermann.ac.at\/wp-content\/uploads\/2026\/04\/Au-BMX-Bahn.jpg\" data-elementor-open-lightbox=\"yes\" data-elementor-lightbox-slideshow=\"06cf395\" data-elementor-lightbox-title=\"Au BMX-Bahn\" data-e-action-hash=\"#elementor-action%3Aaction%3Dlightbox%26settings%3DeyJpZCI6NTA4NSwidXJsIjoiaHR0cHM6XC9cL3Zza2xvc3Rlcm5ldWJ1cmctaGVybWFubi5hYy5hdFwvd3AtY29udGVudFwvdXBsb2Fkc1wvMjAyNlwvMDRcL0F1LUJNWC1CYWhuLmpwZyIsInNsaWRlc2hvdyI6IjA2Y2YzOTUifQ%3D%3D\">\n\t\t\t\t\t<div class=\"e-gallery-image elementor-gallery-item__image\" data-thumbnail=\"https:\/\/vsklosterneuburg-hermann.ac.at\/wp-content\/uploads\/2026\/04\/Au-BMX-Bahn-300x255.jpg\" data-width=\"300\" data-height=\"255\" aria-label=\"\" role=\"img\" ><\/div>\n\t\t\t\t\t\t\t\t\t\t\t<div class=\"elementor-gallery-item__overlay\"><\/div>\n\t\t\t\t\t\t\t\t\t\t\t\t\t\t<\/a>\n\t\t\t\t\t\t\t<a class=\"e-gallery-item elementor-gallery-item elementor-animated-content\" href=\"https:\/\/vsklosterneuburg-hermann.ac.at\/wp-content\/uploads\/2026\/04\/Langstoegergasse.jpg\" data-elementor-open-lightbox=\"yes\" data-elementor-lightbox-slideshow=\"06cf395\" data-elementor-lightbox-title=\"Langst\u00f6gergasse\" data-e-action-hash=\"#elementor-action%3Aaction%3Dlightbox%26settings%3DeyJpZCI6NTA4OSwidXJsIjoiaHR0cHM6XC9cL3Zza2xvc3Rlcm5ldWJ1cmctaGVybWFubi5hYy5hdFwvd3AtY29udGVudFwvdXBsb2Fkc1wvMjAyNlwvMDRcL0xhbmdzdG9lZ2VyZ2Fzc2UuanBnIiwic2xpZGVzaG93IjoiMDZjZjM5NSJ9\">\n\t\t\t\t\t<div class=\"e-gallery-image elementor-gallery-item__image\" data-thumbnail=\"https:\/\/vsklosterneuburg-hermann.ac.at\/wp-content\/uploads\/2026\/04\/Langstoegergasse-300x226.jpg\" data-width=\"300\" data-height=\"226\" aria-label=\"\" role=\"img\" ><\/div>\n\t\t\t\t\t\t\t\t\t\t\t<div class=\"elementor-gallery-item__overlay\"><\/div>\n\t\t\t\t\t\t\t\t\t\t\t\t\t\t<\/a>\n\t\t\t\t\t<\/div>\n\t\t\t\t\t<\/div>\n\t\t\t\t<\/div>\n\t\t\t\t\t<\/div>\n\t\t<\/div>\n\t\t\t\t<div class=\"elementor-column elementor-col-50 elementor-top-column elementor-element elementor-element-30b3bfc\" data-id=\"30b3bfc\" data-element_type=\"column\">\n\t\t\t<div class=\"elementor-widget-wrap elementor-element-populated\">\n\t\t\t\t\t\t<div class=\"elementor-element elementor-element-87e8256 elementor-widget elementor-widget-text-editor\" data-id=\"87e8256\" data-element_type=\"widget\" data-widget_type=\"text-editor.default\">\n\t\t\t\t<div class=\"elementor-widget-container\">\n\t\t\t\t\t\t\t\t\t<p data-start=\"0\" data-end=\"339\">Am 11. April 2026 fand das allj\u00e4hrliche Kinder-Eis-Anradeln der <span class=\"hover:entity-accent entity-underline inline cursor-pointer align-baseline\"><span class=\"whitespace-normal\">Radlobby Klosterneuburg<\/span><\/span> statt.<\/p><p data-start=\"0\" data-end=\"339\">\u00a0<\/p><p data-start=\"0\" data-end=\"339\">In diesem Jahr war zum ersten Mal die ASO Klosterneuburg mit dabei. Gemeinsam lie\u00dfen wir uns das Gratis-Eis schmecken, genossen das wunderbare Wetter und freuten uns \u00fcber die vielen Volkssch\u00fclerinnen und Volkssch\u00fcler sowie ihre Begleitpersonen.<\/p><p data-start=\"0\" data-end=\"339\">\u00a0<\/p><p data-start=\"341\" data-end=\"556\" data-is-last-node=\"\" data-is-only-node=\"\">Wir k\u00f6nnen allen Sch\u00fclerinnen und Sch\u00fclern der ASO dieses gelungene Ereignis f\u00fcr das n\u00e4chste Jahr w\u00e4rmstens empfehlen.<\/p><p data-start=\"341\" data-end=\"556\" data-is-last-node=\"\" data-is-only-node=\"\">\u00a0<\/p><p data-start=\"341\" data-end=\"556\" data-is-last-node=\"\" data-is-only-node=\"\">Ein herzliches Dankesch\u00f6n an alle Teilnehmenden und Verantwortlichen f\u00fcr die tolle Organisation!<\/p>\t\t\t\t\t\t\t\t<\/div>\n\t\t\t\t<\/div>\n\t\t\t\t\t<\/div>\n\t\t<\/div>\n\t\t\t\t\t<\/div>\n\t\t<\/section>\n\t\t\t\t<\/div>\n\t\t","protected":false},"excerpt":{"rendered":"<p>Am 11. April 2026 fand das allj\u00e4hrliche Kinder-Eis-Anradeln der Radlobby Klosterneuburg statt. \u00a0 In diesem Jahr war zum ersten Mal die ASO Klosterneuburg mit dabei. Gemeinsam lie\u00dfen wir uns das Gratis-Eis schmecken, genossen das wunderbare Wetter und freuten uns \u00fcber die vielen Volkssch\u00fclerinnen und Volkssch\u00fcler sowie ihre Begleitpersonen. \u00a0 Wir k\u00f6nnen allen Sch\u00fclerinnen und Sch\u00fclern [&hellip;]<\/p>\n","protected":false},"author":2,"featured_media":5089,"comment_status":"closed","ping_status":"open","sticky":false,"template":"","format":"image","meta":{"site-sidebar-layout":"default","site-content-layout":"","ast-site-content-layout":"default","site-content-style":"default","site-sidebar-style":"default","ast-global-header-display":"","ast-banner-title-visibility":"","ast-main-header-display":"","ast-hfb-above-header-display":"","ast-hfb-below-header-display":"","ast-hfb-mobile-header-display":"","site-post-title":"","ast-breadcrumbs-content":"","ast-featured-img":"disabled","footer-sml-layout":"","theme-transparent-header-meta":"","adv-header-id-meta":"","stick-header-meta":"","header-above-stick-meta":"","header-main-stick-meta":"","header-below-stick-meta":"","astra-migrate-meta-layouts":"set","ast-page-background-enabled":"default","ast-page-background-meta":{"desktop":{"background-color":"var(--ast-global-color-4)","background-image":"","background-repeat":"repeat","background-position":"center center","background-size":"auto","background-attachment":"scroll","background-type":"","background-media":"","overlay-type":"","overlay-color":"","overlay-opacity":"","overlay-gradient":""},"tablet":{"background-color":"","background-image":"","background-repeat":"repeat","background-position":"center center","background-size":"auto","background-attachment":"scroll","background-type":"","background-media":"","overlay-type":"","overlay-color":"","overlay-opacity":"","overlay-gradient":""},"mobile":{"background-color":"","background-image":"","background-repeat":"repeat","background-position":"center center","background-size":"auto","background-attachment":"scroll","background-type":"","background-media":"","overlay-type":"","overlay-color":"","overlay-opacity":"","overlay-gradient":""}},"ast-content-background-meta":{"desktop":{"background-color":"var(--ast-global-color-5)","background-image":"","background-repeat":"repeat","background-position":"center center","background-size":"auto","background-attachment":"scroll","background-type":"","background-media":"","overlay-type":"","overlay-color":"","overlay-opacity":"","overlay-gradient":""},"tablet":{"background-color":"var(--ast-global-color-5)","background-image":"","background-repeat":"repeat","background-position":"center center","background-size":"auto","background-attachment":"scroll","background-type":"","background-media":"","overlay-type":"","overlay-color":"","overlay-opacity":"","overlay-gradient":""},"mobile":{"background-color":"var(--ast-global-color-5)","background-image":"","background-repeat":"repeat","background-position":"center center","background-size":"auto","background-attachment":"scroll","background-type":"","background-media":"","overlay-type":"","overlay-color":"","overlay-opacity":"","overlay-gradient":""}},"footnotes":""},"categories":[12,22],"tags":[],"class_list":["post-5084","post","type-post","status-publish","format-image","has-post-thumbnail","hentry","category-aso","category-aso-25-26","post_format-post-format-image"],"yoast_head":"<!-- This site is optimized with the Yoast SEO plugin v25.8 - https:\/\/yoast.com\/wordpress\/plugins\/seo\/ -->\n<title>Kinder-Eis-Anradeln 2026 - ASO\/VS Klosterneuburg<\/title>\n<meta name=\"robots\" content=\"index, follow, max-snippet:-1, max-image-preview:large, max-video-preview:-1\" \/>\n<link rel=\"canonical\" href=\"https:\/\/vsklosterneuburg-hermann.ac.at\/?p=5084\" \/>\n<meta property=\"og:locale\" content=\"de_DE\" \/>\n<meta property=\"og:type\" content=\"article\" \/>\n<meta property=\"og:title\" content=\"Kinder-Eis-Anradeln 2026 - ASO\/VS Klosterneuburg\" \/>\n<meta property=\"og:description\" content=\"Am 11. April 2026 fand das allj\u00e4hrliche Kinder-Eis-Anradeln der Radlobby Klosterneuburg statt. \u00a0 In diesem Jahr war zum ersten Mal die ASO Klosterneuburg mit dabei. Gemeinsam lie\u00dfen wir uns das Gratis-Eis schmecken, genossen das wunderbare Wetter und freuten uns \u00fcber die vielen Volkssch\u00fclerinnen und Volkssch\u00fcler sowie ihre Begleitpersonen. \u00a0 Wir k\u00f6nnen allen Sch\u00fclerinnen und Sch\u00fclern [&hellip;]\" \/>\n<meta property=\"og:url\" content=\"https:\/\/vsklosterneuburg-hermann.ac.at\/?p=5084\" \/>\n<meta property=\"og:site_name\" content=\"ASO\/VS Klosterneuburg\" \/>\n<meta property=\"article:published_time\" content=\"2026-04-28T15:26:14+00:00\" \/>\n<meta property=\"article:modified_time\" content=\"2026-04-29T09:52:38+00:00\" \/>\n<meta property=\"og:image\" content=\"https:\/\/vsklosterneuburg-hermann.ac.at\/wp-content\/uploads\/2026\/04\/Langstoegergasse.jpg\" \/>\n\t<meta property=\"og:image:width\" content=\"501\" \/>\n\t<meta property=\"og:image:height\" content=\"377\" \/>\n\t<meta property=\"og:image:type\" content=\"image\/jpeg\" \/>\n<meta name=\"author\" content=\"Ulrike Haider\" \/>\n<meta name=\"twitter:card\" content=\"summary_large_image\" \/>\n<meta name=\"twitter:label1\" content=\"Verfasst von\" \/>\n\t<meta name=\"twitter:data1\" content=\"Ulrike Haider\" \/>\n\t<meta name=\"twitter:label2\" content=\"Gesch\u00e4tzte Lesezeit\" \/>\n\t<meta name=\"twitter:data2\" content=\"1 Minute\" \/>\n<script type=\"application\/ld+json\" class=\"yoast-schema-graph\">{\"@context\":\"https:\/\/schema.org\",\"@graph\":[{\"@type\":\"Article\",\"@id\":\"https:\/\/vsklosterneuburg-hermann.ac.at\/?p=5084#article\",\"isPartOf\":{\"@id\":\"https:\/\/vsklosterneuburg-hermann.ac.at\/?p=5084\"},\"author\":{\"name\":\"Ulrike Haider\",\"@id\":\"https:\/\/vsklosterneuburg-hermann.ac.at\/#\/schema\/person\/8e5877b5c69891db93a76c50c9b990d3\"},\"headline\":\"Kinder-Eis-Anradeln 2026\",\"datePublished\":\"2026-04-28T15:26:14+00:00\",\"dateModified\":\"2026-04-29T09:52:38+00:00\",\"mainEntityOfPage\":{\"@id\":\"https:\/\/vsklosterneuburg-hermann.ac.at\/?p=5084\"},\"wordCount\":87,\"publisher\":{\"@id\":\"https:\/\/vsklosterneuburg-hermann.ac.at\/#organization\"},\"image\":{\"@id\":\"https:\/\/vsklosterneuburg-hermann.ac.at\/?p=5084#primaryimage\"},\"thumbnailUrl\":\"https:\/\/vsklosterneuburg-hermann.ac.at\/wp-content\/uploads\/2026\/04\/Langstoegergasse.jpg\",\"articleSection\":[\"ASO\",\"ASO-25\/26\"],\"inLanguage\":\"de-AT\"},{\"@type\":\"WebPage\",\"@id\":\"https:\/\/vsklosterneuburg-hermann.ac.at\/?p=5084\",\"url\":\"https:\/\/vsklosterneuburg-hermann.ac.at\/?p=5084\",\"name\":\"Kinder-Eis-Anradeln 2026 - ASO\/VS Klosterneuburg\",\"isPartOf\":{\"@id\":\"https:\/\/vsklosterneuburg-hermann.ac.at\/#website\"},\"primaryImageOfPage\":{\"@id\":\"https:\/\/vsklosterneuburg-hermann.ac.at\/?p=5084#primaryimage\"},\"image\":{\"@id\":\"https:\/\/vsklosterneuburg-hermann.ac.at\/?p=5084#primaryimage\"},\"thumbnailUrl\":\"https:\/\/vsklosterneuburg-hermann.ac.at\/wp-content\/uploads\/2026\/04\/Langstoegergasse.jpg\",\"datePublished\":\"2026-04-28T15:26:14+00:00\",\"dateModified\":\"2026-04-29T09:52:38+00:00\",\"breadcrumb\":{\"@id\":\"https:\/\/vsklosterneuburg-hermann.ac.at\/?p=5084#breadcrumb\"},\"inLanguage\":\"de-AT\",\"potentialAction\":[{\"@type\":\"ReadAction\",\"target\":[\"https:\/\/vsklosterneuburg-hermann.ac.at\/?p=5084\"]}]},{\"@type\":\"ImageObject\",\"inLanguage\":\"de-AT\",\"@id\":\"https:\/\/vsklosterneuburg-hermann.ac.at\/?p=5084#primaryimage\",\"url\":\"https:\/\/vsklosterneuburg-hermann.ac.at\/wp-content\/uploads\/2026\/04\/Langstoegergasse.jpg\",\"contentUrl\":\"https:\/\/vsklosterneuburg-hermann.ac.at\/wp-content\/uploads\/2026\/04\/Langstoegergasse.jpg\",\"width\":501,\"height\":377},{\"@type\":\"BreadcrumbList\",\"@id\":\"https:\/\/vsklosterneuburg-hermann.ac.at\/?p=5084#breadcrumb\",\"itemListElement\":[{\"@type\":\"ListItem\",\"position\":1,\"name\":\"Startseite\",\"item\":\"https:\/\/vsklosterneuburg-hermann.ac.at\/\"},{\"@type\":\"ListItem\",\"position\":2,\"name\":\"Kinder-Eis-Anradeln 2026\"}]},{\"@type\":\"WebSite\",\"@id\":\"https:\/\/vsklosterneuburg-hermann.ac.at\/#website\",\"url\":\"https:\/\/vsklosterneuburg-hermann.ac.at\/\",\"name\":\"ASO\/VS Klosterneuburg\",\"description\":\"Homepage der ASO\/VS Klosterneuburg\",\"publisher\":{\"@id\":\"https:\/\/vsklosterneuburg-hermann.ac.at\/#organization\"},\"potentialAction\":[{\"@type\":\"SearchAction\",\"target\":{\"@type\":\"EntryPoint\",\"urlTemplate\":\"https:\/\/vsklosterneuburg-hermann.ac.at\/?s={search_term_string}\"},\"query-input\":{\"@type\":\"PropertyValueSpecification\",\"valueRequired\":true,\"valueName\":\"search_term_string\"}}],\"inLanguage\":\"de-AT\"},{\"@type\":\"Organization\",\"@id\":\"https:\/\/vsklosterneuburg-hermann.ac.at\/#organization\",\"name\":\"ASO\/VS Klosterneuburg\",\"url\":\"https:\/\/vsklosterneuburg-hermann.ac.at\/\",\"logo\":{\"@type\":\"ImageObject\",\"inLanguage\":\"de-AT\",\"@id\":\"https:\/\/vsklosterneuburg-hermann.ac.at\/#\/schema\/logo\/image\/\",\"url\":\"https:\/\/vsklosterneuburg-hermann.ac.at\/wp-content\/uploads\/2023\/08\/SchuleimZentrum-Logo-gemeinsam-alternativ_online.png\",\"contentUrl\":\"https:\/\/vsklosterneuburg-hermann.ac.at\/wp-content\/uploads\/2023\/08\/SchuleimZentrum-Logo-gemeinsam-alternativ_online.png\",\"width\":2500,\"height\":2500,\"caption\":\"ASO\/VS Klosterneuburg\"},\"image\":{\"@id\":\"https:\/\/vsklosterneuburg-hermann.ac.at\/#\/schema\/logo\/image\/\"}},{\"@type\":\"Person\",\"@id\":\"https:\/\/vsklosterneuburg-hermann.ac.at\/#\/schema\/person\/8e5877b5c69891db93a76c50c9b990d3\",\"name\":\"Ulrike Haider\",\"image\":{\"@type\":\"ImageObject\",\"inLanguage\":\"de-AT\",\"@id\":\"https:\/\/vsklosterneuburg-hermann.ac.at\/#\/schema\/person\/image\/\",\"url\":\"https:\/\/secure.gravatar.com\/avatar\/4ee301f670fb71e8dfed9b5aacb2edaa4a0b1cb8abc20a0d09787ce623627db4?s=96&d=mm&r=g\",\"contentUrl\":\"https:\/\/secure.gravatar.com\/avatar\/4ee301f670fb71e8dfed9b5aacb2edaa4a0b1cb8abc20a0d09787ce623627db4?s=96&d=mm&r=g\",\"caption\":\"Ulrike Haider\"},\"url\":\"https:\/\/vsklosterneuburg-hermann.ac.at\/?author=2\"}]}<\/script>\n<!-- \/ Yoast SEO plugin. -->","yoast_head_json":{"title":"Kinder-Eis-Anradeln 2026 - ASO\/VS Klosterneuburg","robots":{"index":"index","follow":"follow","max-snippet":"max-snippet:-1","max-image-preview":"max-image-preview:large","max-video-preview":"max-video-preview:-1"},"canonical":"https:\/\/vsklosterneuburg-hermann.ac.at\/?p=5084","og_locale":"de_DE","og_type":"article","og_title":"Kinder-Eis-Anradeln 2026 - ASO\/VS Klosterneuburg","og_description":"Am 11. April 2026 fand das allj\u00e4hrliche Kinder-Eis-Anradeln der Radlobby Klosterneuburg statt. \u00a0 In diesem Jahr war zum ersten Mal die ASO Klosterneuburg mit dabei. Gemeinsam lie\u00dfen wir uns das Gratis-Eis schmecken, genossen das wunderbare Wetter und freuten uns \u00fcber die vielen Volkssch\u00fclerinnen und Volkssch\u00fcler sowie ihre Begleitpersonen. \u00a0 Wir k\u00f6nnen allen Sch\u00fclerinnen und Sch\u00fclern [&hellip;]","og_url":"https:\/\/vsklosterneuburg-hermann.ac.at\/?p=5084","og_site_name":"ASO\/VS Klosterneuburg","article_published_time":"2026-04-28T15:26:14+00:00","article_modified_time":"2026-04-29T09:52:38+00:00","og_image":[{"width":501,"height":377,"url":"https:\/\/vsklosterneuburg-hermann.ac.at\/wp-content\/uploads\/2026\/04\/Langstoegergasse.jpg","type":"image\/jpeg"}],"author":"Ulrike Haider","twitter_card":"summary_large_image","twitter_misc":{"Verfasst von":"Ulrike Haider","Gesch\u00e4tzte Lesezeit":"1 Minute"},"schema":{"@context":"https:\/\/schema.org","@graph":[{"@type":"Article","@id":"https:\/\/vsklosterneuburg-hermann.ac.at\/?p=5084#article","isPartOf":{"@id":"https:\/\/vsklosterneuburg-hermann.ac.at\/?p=5084"},"author":{"name":"Ulrike Haider","@id":"https:\/\/vsklosterneuburg-hermann.ac.at\/#\/schema\/person\/8e5877b5c69891db93a76c50c9b990d3"},"headline":"Kinder-Eis-Anradeln 2026","datePublished":"2026-04-28T15:26:14+00:00","dateModified":"2026-04-29T09:52:38+00:00","mainEntityOfPage":{"@id":"https:\/\/vsklosterneuburg-hermann.ac.at\/?p=5084"},"wordCount":87,"publisher":{"@id":"https:\/\/vsklosterneuburg-hermann.ac.at\/#organization"},"image":{"@id":"https:\/\/vsklosterneuburg-hermann.ac.at\/?p=5084#primaryimage"},"thumbnailUrl":"https:\/\/vsklosterneuburg-hermann.ac.at\/wp-content\/uploads\/2026\/04\/Langstoegergasse.jpg","articleSection":["ASO","ASO-25\/26"],"inLanguage":"de-AT"},{"@type":"WebPage","@id":"https:\/\/vsklosterneuburg-hermann.ac.at\/?p=5084","url":"https:\/\/vsklosterneuburg-hermann.ac.at\/?p=5084","name":"Kinder-Eis-Anradeln 2026 - ASO\/VS Klosterneuburg","isPartOf":{"@id":"https:\/\/vsklosterneuburg-hermann.ac.at\/#website"},"primaryImageOfPage":{"@id":"https:\/\/vsklosterneuburg-hermann.ac.at\/?p=5084#primaryimage"},"image":{"@id":"https:\/\/vsklosterneuburg-hermann.ac.at\/?p=5084#primaryimage"},"thumbnailUrl":"https:\/\/vsklosterneuburg-hermann.ac.at\/wp-content\/uploads\/2026\/04\/Langstoegergasse.jpg","datePublished":"2026-04-28T15:26:14+00:00","dateModified":"2026-04-29T09:52:38+00:00","breadcrumb":{"@id":"https:\/\/vsklosterneuburg-hermann.ac.at\/?p=5084#breadcrumb"},"inLanguage":"de-AT","potentialAction":[{"@type":"ReadAction","target":["https:\/\/vsklosterneuburg-hermann.ac.at\/?p=5084"]}]},{"@type":"ImageObject","inLanguage":"de-AT","@id":"https:\/\/vsklosterneuburg-hermann.ac.at\/?p=5084#primaryimage","url":"https:\/\/vsklosterneuburg-hermann.ac.at\/wp-content\/uploads\/2026\/04\/Langstoegergasse.jpg","contentUrl":"https:\/\/vsklosterneuburg-hermann.ac.at\/wp-content\/uploads\/2026\/04\/Langstoegergasse.jpg","width":501,"height":377},{"@type":"BreadcrumbList","@id":"https:\/\/vsklosterneuburg-hermann.ac.at\/?p=5084#breadcrumb","itemListElement":[{"@type":"ListItem","position":1,"name":"Startseite","item":"https:\/\/vsklosterneuburg-hermann.ac.at\/"},{"@type":"ListItem","position":2,"name":"Kinder-Eis-Anradeln 2026"}]},{"@type":"WebSite","@id":"https:\/\/vsklosterneuburg-hermann.ac.at\/#website","url":"https:\/\/vsklosterneuburg-hermann.ac.at\/","name":"ASO\/VS Klosterneuburg","description":"Homepage der ASO\/VS Klosterneuburg","publisher":{"@id":"https:\/\/vsklosterneuburg-hermann.ac.at\/#organization"},"potentialAction":[{"@type":"SearchAction","target":{"@type":"EntryPoint","urlTemplate":"https:\/\/vsklosterneuburg-hermann.ac.at\/?s={search_term_string}"},"query-input":{"@type":"PropertyValueSpecification","valueRequired":true,"valueName":"search_term_string"}}],"inLanguage":"de-AT"},{"@type":"Organization","@id":"https:\/\/vsklosterneuburg-hermann.ac.at\/#organization","name":"ASO\/VS Klosterneuburg","url":"https:\/\/vsklosterneuburg-hermann.ac.at\/","logo":{"@type":"ImageObject","inLanguage":"de-AT","@id":"https:\/\/vsklosterneuburg-hermann.ac.at\/#\/schema\/logo\/image\/","url":"https:\/\/vsklosterneuburg-hermann.ac.at\/wp-content\/uploads\/2023\/08\/SchuleimZentrum-Logo-gemeinsam-alternativ_online.png","contentUrl":"https:\/\/vsklosterneuburg-hermann.ac.at\/wp-content\/uploads\/2023\/08\/SchuleimZentrum-Logo-gemeinsam-alternativ_online.png","width":2500,"height":2500,"caption":"ASO\/VS Klosterneuburg"},"image":{"@id":"https:\/\/vsklosterneuburg-hermann.ac.at\/#\/schema\/logo\/image\/"}},{"@type":"Person","@id":"https:\/\/vsklosterneuburg-hermann.ac.at\/#\/schema\/person\/8e5877b5c69891db93a76c50c9b990d3","name":"Ulrike Haider","image":{"@type":"ImageObject","inLanguage":"de-AT","@id":"https:\/\/vsklosterneuburg-hermann.ac.at\/#\/schema\/person\/image\/","url":"https:\/\/secure.gravatar.com\/avatar\/4ee301f670fb71e8dfed9b5aacb2edaa4a0b1cb8abc20a0d09787ce623627db4?s=96&d=mm&r=g","contentUrl":"https:\/\/secure.gravatar.com\/avatar\/4ee301f670fb71e8dfed9b5aacb2edaa4a0b1cb8abc20a0d09787ce623627db4?s=96&d=mm&r=g","caption":"Ulrike Haider"},"url":"https:\/\/vsklosterneuburg-hermann.ac.at\/?author=2"}]}},"_links":{"self":[{"href":"https:\/\/vsklosterneuburg-hermann.ac.at\/index.php?rest_route=\/wp\/v2\/posts\/5084","targetHints":{"allow":["GET"]}}],"collection":[{"href":"https:\/\/vsklosterneuburg-hermann.ac.at\/index.php?rest_route=\/wp\/v2\/posts"}],"about":[{"href":"https:\/\/vsklosterneuburg-hermann.ac.at\/index.php?rest_route=\/wp\/v2\/types\/post"}],"author":[{"embeddable":true,"href":"https:\/\/vsklosterneuburg-hermann.ac.at\/index.php?rest_route=\/wp\/v2\/users\/2"}],"replies":[{"embeddable":true,"href":"https:\/\/vsklosterneuburg-hermann.ac.at\/index.php?rest_route=%2Fwp%2Fv2%2Fcomments&post=5084"}],"version-history":[{"count":8,"href":"https:\/\/vsklosterneuburg-hermann.ac.at\/index.php?rest_route=\/wp\/v2\/posts\/5084\/revisions"}],"predecessor-version":[{"id":5138,"href":"https:\/\/vsklosterneuburg-hermann.ac.at\/index.php?rest_route=\/wp\/v2\/posts\/5084\/revisions\/5138"}],"wp:featuredmedia":[{"embeddable":true,"href":"https:\/\/vsklosterneuburg-hermann.ac.at\/index.php?rest_route=\/wp\/v2\/media\/5089"}],"wp:attachment":[{"href":"https:\/\/vsklosterneuburg-hermann.ac.at\/index.php?rest_route=%2Fwp%2Fv2%2Fmedia&parent=5084"}],"wp:term":[{"taxonomy":"category","embeddable":true,"href":"https:\/\/vsklosterneuburg-hermann.ac.at\/index.php?rest_route=%2Fwp%2Fv2%2Fcategories&post=5084"},{"taxonomy":"post_tag","embeddable":true,"href":"https:\/\/vsklosterneuburg-hermann.ac.at\/index.php?rest_route=%2Fwp%2Fv2%2Ftags&post=5084"}],"curies":[{"name":"wp","href":"https:\/\/api.w.org\/{rel}","templated":true}]}}