{"id":5104,"date":"2026-04-28T19:36:43","date_gmt":"2026-04-28T17:36:43","guid":{"rendered":"https:\/\/vsklosterneuburg-hermann.ac.at\/?p=5104"},"modified":"2026-04-28T19:39:26","modified_gmt":"2026-04-28T17:39:26","slug":"ostermesse","status":"publish","type":"post","link":"https:\/\/vsklosterneuburg-hermann.ac.at\/?p=5104","title":{"rendered":"Ostermesse"},"content":{"rendered":"\t\t<div data-elementor-type=\"wp-post\" data-elementor-id=\"5104\" class=\"elementor elementor-5104\" data-elementor-post-type=\"post\">\n\t\t\t\t\t\t<section class=\"elementor-section elementor-top-section elementor-element elementor-element-9668d48 elementor-section-boxed elementor-section-height-default elementor-section-height-default\" data-id=\"9668d48\" data-element_type=\"section\">\n\t\t\t\t\t\t<div class=\"elementor-container elementor-column-gap-default\">\n\t\t\t\t\t<div class=\"elementor-column elementor-col-100 elementor-top-column elementor-element elementor-element-6bb45f5\" data-id=\"6bb45f5\" data-element_type=\"column\">\n\t\t\t<div class=\"elementor-widget-wrap elementor-element-populated\">\n\t\t\t\t\t\t<section class=\"elementor-section elementor-inner-section elementor-element elementor-element-3394375 elementor-section-boxed elementor-section-height-default elementor-section-height-default\" data-id=\"3394375\" data-element_type=\"section\">\n\t\t\t\t\t\t<div class=\"elementor-container elementor-column-gap-default\">\n\t\t\t\t\t<div class=\"elementor-column elementor-col-100 elementor-inner-column elementor-element elementor-element-5e5720f\" data-id=\"5e5720f\" data-element_type=\"column\">\n\t\t\t<div class=\"elementor-widget-wrap elementor-element-populated\">\n\t\t\t\t\t\t<div class=\"elementor-element elementor-element-1564584 elementor-widget-laptop__width-initial elementor-widget elementor-widget-text-editor\" data-id=\"1564584\" data-element_type=\"widget\" data-widget_type=\"text-editor.default\">\n\t\t\t\t<div class=\"elementor-widget-container\">\n\t\t\t\t\t\t\t\t\t<p class=\"isSelectedEnd\">Nach den Osterferien feierten die Sch\u00fclerinnen und Sch\u00fcler der VS Hermannstra\u00dfe einen stimmungsvollen Oster-Gottesdienst in der Stiftskirche.<\/p><p class=\"isSelectedEnd\">Im Mittelpunkt stand die Botschaft von Hoffnung, Neubeginn und Zusammenhalt. Mit Liedern, kurzen F\u00fcrbitten und gemeinsamen Gebeten gestalteten die Kinder den Gottesdienst aktiv mit. Eine Sonne mit Strahlen, die am Boden gelegt wurde, diente als Symbol.<\/p>\t\t\t\t\t\t\t\t<\/div>\n\t\t\t\t<\/div>\n\t\t\t\t\t<\/div>\n\t\t<\/div>\n\t\t\t\t\t<\/div>\n\t\t<\/section>\n\t\t\t\t\t<\/div>\n\t\t<\/div>\n\t\t\t\t\t<\/div>\n\t\t<\/section>\n\t\t\t\t<\/div>\n\t\t","protected":false},"excerpt":{"rendered":"<p>Nach den Osterferien feierten die Sch\u00fclerinnen und Sch\u00fcler der VS Hermannstra\u00dfe einen stimmungsvollen Oster-Gottesdienst in der Stiftskirche. Im Mittelpunkt stand die Botschaft von Hoffnung, Neubeginn und Zusammenhalt. Mit Liedern, kurzen F\u00fcrbitten und gemeinsamen Gebeten gestalteten die Kinder den Gottesdienst aktiv mit. Eine Sonne mit Strahlen, die am Boden gelegt wurde, diente als Symbol.<\/p>\n","protected":false},"author":31,"featured_media":5106,"comment_status":"open","ping_status":"open","sticky":false,"template":"","format":"standard","meta":{"site-sidebar-layout":"default","site-content-layout":"","ast-site-content-layout":"default","site-content-style":"default","site-sidebar-style":"default","ast-global-header-display":"","ast-banner-title-visibility":"","ast-main-header-display":"","ast-hfb-above-header-display":"","ast-hfb-below-header-display":"","ast-hfb-mobile-header-display":"","site-post-title":"","ast-breadcrumbs-content":"","ast-featured-img":"","footer-sml-layout":"","theme-transparent-header-meta":"","adv-header-id-meta":"","stick-header-meta":"","header-above-stick-meta":"","header-main-stick-meta":"","header-below-stick-meta":"","astra-migrate-meta-layouts":"set","ast-page-background-enabled":"default","ast-page-background-meta":{"desktop":{"background-color":"var(--ast-global-color-4)","background-image":"","background-repeat":"repeat","background-position":"center center","background-size":"auto","background-attachment":"scroll","background-type":"","background-media":"","overlay-type":"","overlay-color":"","overlay-opacity":"","overlay-gradient":""},"tablet":{"background-color":"","background-image":"","background-repeat":"repeat","background-position":"center center","background-size":"auto","background-attachment":"scroll","background-type":"","background-media":"","overlay-type":"","overlay-color":"","overlay-opacity":"","overlay-gradient":""},"mobile":{"background-color":"","background-image":"","background-repeat":"repeat","background-position":"center center","background-size":"auto","background-attachment":"scroll","background-type":"","background-media":"","overlay-type":"","overlay-color":"","overlay-opacity":"","overlay-gradient":""}},"ast-content-background-meta":{"desktop":{"background-color":"var(--ast-global-color-5)","background-image":"","background-repeat":"repeat","background-position":"center center","background-size":"auto","background-attachment":"scroll","background-type":"","background-media":"","overlay-type":"","overlay-color":"","overlay-opacity":"","overlay-gradient":""},"tablet":{"background-color":"var(--ast-global-color-5)","background-image":"","background-repeat":"repeat","background-position":"center center","background-size":"auto","background-attachment":"scroll","background-type":"","background-media":"","overlay-type":"","overlay-color":"","overlay-opacity":"","overlay-gradient":""},"mobile":{"background-color":"var(--ast-global-color-5)","background-image":"","background-repeat":"repeat","background-position":"center center","background-size":"auto","background-attachment":"scroll","background-type":"","background-media":"","overlay-type":"","overlay-color":"","overlay-opacity":"","overlay-gradient":""}},"footnotes":""},"categories":[13,23],"tags":[],"class_list":["post-5104","post","type-post","status-publish","format-standard","has-post-thumbnail","hentry","category-vs","category-vs-25-26"],"yoast_head":"<!-- This site is optimized with the Yoast SEO plugin v25.8 - https:\/\/yoast.com\/wordpress\/plugins\/seo\/ -->\n<title>Ostermesse - ASO\/VS Klosterneuburg<\/title>\n<meta name=\"robots\" content=\"index, follow, max-snippet:-1, max-image-preview:large, max-video-preview:-1\" \/>\n<link rel=\"canonical\" href=\"https:\/\/vsklosterneuburg-hermann.ac.at\/?p=5104\" \/>\n<meta property=\"og:locale\" content=\"de_DE\" \/>\n<meta property=\"og:type\" content=\"article\" \/>\n<meta property=\"og:title\" content=\"Ostermesse - ASO\/VS Klosterneuburg\" \/>\n<meta property=\"og:description\" content=\"Nach den Osterferien feierten die Sch\u00fclerinnen und Sch\u00fcler der VS Hermannstra\u00dfe einen stimmungsvollen Oster-Gottesdienst in der Stiftskirche. Im Mittelpunkt stand die Botschaft von Hoffnung, Neubeginn und Zusammenhalt. Mit Liedern, kurzen F\u00fcrbitten und gemeinsamen Gebeten gestalteten die Kinder den Gottesdienst aktiv mit. Eine Sonne mit Strahlen, die am Boden gelegt wurde, diente als Symbol.\" \/>\n<meta property=\"og:url\" content=\"https:\/\/vsklosterneuburg-hermann.ac.at\/?p=5104\" \/>\n<meta property=\"og:site_name\" content=\"ASO\/VS Klosterneuburg\" \/>\n<meta property=\"article:published_time\" content=\"2026-04-28T17:36:43+00:00\" \/>\n<meta property=\"article:modified_time\" content=\"2026-04-28T17:39:26+00:00\" \/>\n<meta property=\"og:image\" content=\"https:\/\/vsklosterneuburg-hermann.ac.at\/wp-content\/uploads\/2026\/04\/ostermesse.jpeg\" \/>\n\t<meta property=\"og:image:width\" content=\"1200\" \/>\n\t<meta property=\"og:image:height\" content=\"1600\" \/>\n\t<meta property=\"og:image:type\" content=\"image\/jpeg\" \/>\n<meta name=\"author\" content=\"Anna Profous\" \/>\n<meta name=\"twitter:card\" content=\"summary_large_image\" \/>\n<meta name=\"twitter:label1\" content=\"Verfasst von\" \/>\n\t<meta name=\"twitter:data1\" content=\"Anna Profous\" \/>\n\t<meta name=\"twitter:label2\" content=\"Gesch\u00e4tzte Lesezeit\" \/>\n\t<meta name=\"twitter:data2\" content=\"1 Minute\" \/>\n<script type=\"application\/ld+json\" class=\"yoast-schema-graph\">{\"@context\":\"https:\/\/schema.org\",\"@graph\":[{\"@type\":\"Article\",\"@id\":\"https:\/\/vsklosterneuburg-hermann.ac.at\/?p=5104#article\",\"isPartOf\":{\"@id\":\"https:\/\/vsklosterneuburg-hermann.ac.at\/?p=5104\"},\"author\":{\"name\":\"Anna Profous\",\"@id\":\"https:\/\/vsklosterneuburg-hermann.ac.at\/#\/schema\/person\/526ba02500b5c3289c90e4d264469318\"},\"headline\":\"Ostermesse\",\"datePublished\":\"2026-04-28T17:36:43+00:00\",\"dateModified\":\"2026-04-28T17:39:26+00:00\",\"mainEntityOfPage\":{\"@id\":\"https:\/\/vsklosterneuburg-hermann.ac.at\/?p=5104\"},\"wordCount\":58,\"commentCount\":0,\"publisher\":{\"@id\":\"https:\/\/vsklosterneuburg-hermann.ac.at\/#organization\"},\"image\":{\"@id\":\"https:\/\/vsklosterneuburg-hermann.ac.at\/?p=5104#primaryimage\"},\"thumbnailUrl\":\"https:\/\/vsklosterneuburg-hermann.ac.at\/wp-content\/uploads\/2026\/04\/ostermesse.jpeg\",\"articleSection\":[\"VS\",\"VS-25\/26\"],\"inLanguage\":\"de-AT\",\"potentialAction\":[{\"@type\":\"CommentAction\",\"name\":\"Comment\",\"target\":[\"https:\/\/vsklosterneuburg-hermann.ac.at\/?p=5104#respond\"]}]},{\"@type\":\"WebPage\",\"@id\":\"https:\/\/vsklosterneuburg-hermann.ac.at\/?p=5104\",\"url\":\"https:\/\/vsklosterneuburg-hermann.ac.at\/?p=5104\",\"name\":\"Ostermesse - ASO\/VS Klosterneuburg\",\"isPartOf\":{\"@id\":\"https:\/\/vsklosterneuburg-hermann.ac.at\/#website\"},\"primaryImageOfPage\":{\"@id\":\"https:\/\/vsklosterneuburg-hermann.ac.at\/?p=5104#primaryimage\"},\"image\":{\"@id\":\"https:\/\/vsklosterneuburg-hermann.ac.at\/?p=5104#primaryimage\"},\"thumbnailUrl\":\"https:\/\/vsklosterneuburg-hermann.ac.at\/wp-content\/uploads\/2026\/04\/ostermesse.jpeg\",\"datePublished\":\"2026-04-28T17:36:43+00:00\",\"dateModified\":\"2026-04-28T17:39:26+00:00\",\"breadcrumb\":{\"@id\":\"https:\/\/vsklosterneuburg-hermann.ac.at\/?p=5104#breadcrumb\"},\"inLanguage\":\"de-AT\",\"potentialAction\":[{\"@type\":\"ReadAction\",\"target\":[\"https:\/\/vsklosterneuburg-hermann.ac.at\/?p=5104\"]}]},{\"@type\":\"ImageObject\",\"inLanguage\":\"de-AT\",\"@id\":\"https:\/\/vsklosterneuburg-hermann.ac.at\/?p=5104#primaryimage\",\"url\":\"https:\/\/vsklosterneuburg-hermann.ac.at\/wp-content\/uploads\/2026\/04\/ostermesse.jpeg\",\"contentUrl\":\"https:\/\/vsklosterneuburg-hermann.ac.at\/wp-content\/uploads\/2026\/04\/ostermesse.jpeg\",\"width\":1200,\"height\":1600},{\"@type\":\"BreadcrumbList\",\"@id\":\"https:\/\/vsklosterneuburg-hermann.ac.at\/?p=5104#breadcrumb\",\"itemListElement\":[{\"@type\":\"ListItem\",\"position\":1,\"name\":\"Startseite\",\"item\":\"https:\/\/vsklosterneuburg-hermann.ac.at\/\"},{\"@type\":\"ListItem\",\"position\":2,\"name\":\"Ostermesse\"}]},{\"@type\":\"WebSite\",\"@id\":\"https:\/\/vsklosterneuburg-hermann.ac.at\/#website\",\"url\":\"https:\/\/vsklosterneuburg-hermann.ac.at\/\",\"name\":\"ASO\/VS Klosterneuburg\",\"description\":\"Homepage der ASO\/VS Klosterneuburg\",\"publisher\":{\"@id\":\"https:\/\/vsklosterneuburg-hermann.ac.at\/#organization\"},\"potentialAction\":[{\"@type\":\"SearchAction\",\"target\":{\"@type\":\"EntryPoint\",\"urlTemplate\":\"https:\/\/vsklosterneuburg-hermann.ac.at\/?s={search_term_string}\"},\"query-input\":{\"@type\":\"PropertyValueSpecification\",\"valueRequired\":true,\"valueName\":\"search_term_string\"}}],\"inLanguage\":\"de-AT\"},{\"@type\":\"Organization\",\"@id\":\"https:\/\/vsklosterneuburg-hermann.ac.at\/#organization\",\"name\":\"ASO\/VS Klosterneuburg\",\"url\":\"https:\/\/vsklosterneuburg-hermann.ac.at\/\",\"logo\":{\"@type\":\"ImageObject\",\"inLanguage\":\"de-AT\",\"@id\":\"https:\/\/vsklosterneuburg-hermann.ac.at\/#\/schema\/logo\/image\/\",\"url\":\"https:\/\/vsklosterneuburg-hermann.ac.at\/wp-content\/uploads\/2023\/08\/SchuleimZentrum-Logo-gemeinsam-alternativ_online.png\",\"contentUrl\":\"https:\/\/vsklosterneuburg-hermann.ac.at\/wp-content\/uploads\/2023\/08\/SchuleimZentrum-Logo-gemeinsam-alternativ_online.png\",\"width\":2500,\"height\":2500,\"caption\":\"ASO\/VS Klosterneuburg\"},\"image\":{\"@id\":\"https:\/\/vsklosterneuburg-hermann.ac.at\/#\/schema\/logo\/image\/\"}},{\"@type\":\"Person\",\"@id\":\"https:\/\/vsklosterneuburg-hermann.ac.at\/#\/schema\/person\/526ba02500b5c3289c90e4d264469318\",\"name\":\"Anna Profous\",\"image\":{\"@type\":\"ImageObject\",\"inLanguage\":\"de-AT\",\"@id\":\"https:\/\/vsklosterneuburg-hermann.ac.at\/#\/schema\/person\/image\/\",\"url\":\"https:\/\/secure.gravatar.com\/avatar\/b17d2a5206bc49ccd1f18227d30aae61c9b88dab2aea2fdc786c3c3337d0e289?s=96&d=mm&r=g\",\"contentUrl\":\"https:\/\/secure.gravatar.com\/avatar\/b17d2a5206bc49ccd1f18227d30aae61c9b88dab2aea2fdc786c3c3337d0e289?s=96&d=mm&r=g\",\"caption\":\"Anna Profous\"},\"url\":\"https:\/\/vsklosterneuburg-hermann.ac.at\/?author=31\"}]}<\/script>\n<!-- \/ Yoast SEO plugin. -->","yoast_head_json":{"title":"Ostermesse - ASO\/VS Klosterneuburg","robots":{"index":"index","follow":"follow","max-snippet":"max-snippet:-1","max-image-preview":"max-image-preview:large","max-video-preview":"max-video-preview:-1"},"canonical":"https:\/\/vsklosterneuburg-hermann.ac.at\/?p=5104","og_locale":"de_DE","og_type":"article","og_title":"Ostermesse - ASO\/VS Klosterneuburg","og_description":"Nach den Osterferien feierten die Sch\u00fclerinnen und Sch\u00fcler der VS Hermannstra\u00dfe einen stimmungsvollen Oster-Gottesdienst in der Stiftskirche. Im Mittelpunkt stand die Botschaft von Hoffnung, Neubeginn und Zusammenhalt. Mit Liedern, kurzen F\u00fcrbitten und gemeinsamen Gebeten gestalteten die Kinder den Gottesdienst aktiv mit. Eine Sonne mit Strahlen, die am Boden gelegt wurde, diente als Symbol.","og_url":"https:\/\/vsklosterneuburg-hermann.ac.at\/?p=5104","og_site_name":"ASO\/VS Klosterneuburg","article_published_time":"2026-04-28T17:36:43+00:00","article_modified_time":"2026-04-28T17:39:26+00:00","og_image":[{"width":1200,"height":1600,"url":"https:\/\/vsklosterneuburg-hermann.ac.at\/wp-content\/uploads\/2026\/04\/ostermesse.jpeg","type":"image\/jpeg"}],"author":"Anna Profous","twitter_card":"summary_large_image","twitter_misc":{"Verfasst von":"Anna Profous","Gesch\u00e4tzte Lesezeit":"1 Minute"},"schema":{"@context":"https:\/\/schema.org","@graph":[{"@type":"Article","@id":"https:\/\/vsklosterneuburg-hermann.ac.at\/?p=5104#article","isPartOf":{"@id":"https:\/\/vsklosterneuburg-hermann.ac.at\/?p=5104"},"author":{"name":"Anna Profous","@id":"https:\/\/vsklosterneuburg-hermann.ac.at\/#\/schema\/person\/526ba02500b5c3289c90e4d264469318"},"headline":"Ostermesse","datePublished":"2026-04-28T17:36:43+00:00","dateModified":"2026-04-28T17:39:26+00:00","mainEntityOfPage":{"@id":"https:\/\/vsklosterneuburg-hermann.ac.at\/?p=5104"},"wordCount":58,"commentCount":0,"publisher":{"@id":"https:\/\/vsklosterneuburg-hermann.ac.at\/#organization"},"image":{"@id":"https:\/\/vsklosterneuburg-hermann.ac.at\/?p=5104#primaryimage"},"thumbnailUrl":"https:\/\/vsklosterneuburg-hermann.ac.at\/wp-content\/uploads\/2026\/04\/ostermesse.jpeg","articleSection":["VS","VS-25\/26"],"inLanguage":"de-AT","potentialAction":[{"@type":"CommentAction","name":"Comment","target":["https:\/\/vsklosterneuburg-hermann.ac.at\/?p=5104#respond"]}]},{"@type":"WebPage","@id":"https:\/\/vsklosterneuburg-hermann.ac.at\/?p=5104","url":"https:\/\/vsklosterneuburg-hermann.ac.at\/?p=5104","name":"Ostermesse - ASO\/VS Klosterneuburg","isPartOf":{"@id":"https:\/\/vsklosterneuburg-hermann.ac.at\/#website"},"primaryImageOfPage":{"@id":"https:\/\/vsklosterneuburg-hermann.ac.at\/?p=5104#primaryimage"},"image":{"@id":"https:\/\/vsklosterneuburg-hermann.ac.at\/?p=5104#primaryimage"},"thumbnailUrl":"https:\/\/vsklosterneuburg-hermann.ac.at\/wp-content\/uploads\/2026\/04\/ostermesse.jpeg","datePublished":"2026-04-28T17:36:43+00:00","dateModified":"2026-04-28T17:39:26+00:00","breadcrumb":{"@id":"https:\/\/vsklosterneuburg-hermann.ac.at\/?p=5104#breadcrumb"},"inLanguage":"de-AT","potentialAction":[{"@type":"ReadAction","target":["https:\/\/vsklosterneuburg-hermann.ac.at\/?p=5104"]}]},{"@type":"ImageObject","inLanguage":"de-AT","@id":"https:\/\/vsklosterneuburg-hermann.ac.at\/?p=5104#primaryimage","url":"https:\/\/vsklosterneuburg-hermann.ac.at\/wp-content\/uploads\/2026\/04\/ostermesse.jpeg","contentUrl":"https:\/\/vsklosterneuburg-hermann.ac.at\/wp-content\/uploads\/2026\/04\/ostermesse.jpeg","width":1200,"height":1600},{"@type":"BreadcrumbList","@id":"https:\/\/vsklosterneuburg-hermann.ac.at\/?p=5104#breadcrumb","itemListElement":[{"@type":"ListItem","position":1,"name":"Startseite","item":"https:\/\/vsklosterneuburg-hermann.ac.at\/"},{"@type":"ListItem","position":2,"name":"Ostermesse"}]},{"@type":"WebSite","@id":"https:\/\/vsklosterneuburg-hermann.ac.at\/#website","url":"https:\/\/vsklosterneuburg-hermann.ac.at\/","name":"ASO\/VS Klosterneuburg","description":"Homepage der ASO\/VS Klosterneuburg","publisher":{"@id":"https:\/\/vsklosterneuburg-hermann.ac.at\/#organization"},"potentialAction":[{"@type":"SearchAction","target":{"@type":"EntryPoint","urlTemplate":"https:\/\/vsklosterneuburg-hermann.ac.at\/?s={search_term_string}"},"query-input":{"@type":"PropertyValueSpecification","valueRequired":true,"valueName":"search_term_string"}}],"inLanguage":"de-AT"},{"@type":"Organization","@id":"https:\/\/vsklosterneuburg-hermann.ac.at\/#organization","name":"ASO\/VS Klosterneuburg","url":"https:\/\/vsklosterneuburg-hermann.ac.at\/","logo":{"@type":"ImageObject","inLanguage":"de-AT","@id":"https:\/\/vsklosterneuburg-hermann.ac.at\/#\/schema\/logo\/image\/","url":"https:\/\/vsklosterneuburg-hermann.ac.at\/wp-content\/uploads\/2023\/08\/SchuleimZentrum-Logo-gemeinsam-alternativ_online.png","contentUrl":"https:\/\/vsklosterneuburg-hermann.ac.at\/wp-content\/uploads\/2023\/08\/SchuleimZentrum-Logo-gemeinsam-alternativ_online.png","width":2500,"height":2500,"caption":"ASO\/VS Klosterneuburg"},"image":{"@id":"https:\/\/vsklosterneuburg-hermann.ac.at\/#\/schema\/logo\/image\/"}},{"@type":"Person","@id":"https:\/\/vsklosterneuburg-hermann.ac.at\/#\/schema\/person\/526ba02500b5c3289c90e4d264469318","name":"Anna Profous","image":{"@type":"ImageObject","inLanguage":"de-AT","@id":"https:\/\/vsklosterneuburg-hermann.ac.at\/#\/schema\/person\/image\/","url":"https:\/\/secure.gravatar.com\/avatar\/b17d2a5206bc49ccd1f18227d30aae61c9b88dab2aea2fdc786c3c3337d0e289?s=96&d=mm&r=g","contentUrl":"https:\/\/secure.gravatar.com\/avatar\/b17d2a5206bc49ccd1f18227d30aae61c9b88dab2aea2fdc786c3c3337d0e289?s=96&d=mm&r=g","caption":"Anna Profous"},"url":"https:\/\/vsklosterneuburg-hermann.ac.at\/?author=31"}]}},"_links":{"self":[{"href":"https:\/\/vsklosterneuburg-hermann.ac.at\/index.php?rest_route=\/wp\/v2\/posts\/5104","targetHints":{"allow":["GET"]}}],"collection":[{"href":"https:\/\/vsklosterneuburg-hermann.ac.at\/index.php?rest_route=\/wp\/v2\/posts"}],"about":[{"href":"https:\/\/vsklosterneuburg-hermann.ac.at\/index.php?rest_route=\/wp\/v2\/types\/post"}],"author":[{"embeddable":true,"href":"https:\/\/vsklosterneuburg-hermann.ac.at\/index.php?rest_route=\/wp\/v2\/users\/31"}],"replies":[{"embeddable":true,"href":"https:\/\/vsklosterneuburg-hermann.ac.at\/index.php?rest_route=%2Fwp%2Fv2%2Fcomments&post=5104"}],"version-history":[{"count":17,"href":"https:\/\/vsklosterneuburg-hermann.ac.at\/index.php?rest_route=\/wp\/v2\/posts\/5104\/revisions"}],"predecessor-version":[{"id":5123,"href":"https:\/\/vsklosterneuburg-hermann.ac.at\/index.php?rest_route=\/wp\/v2\/posts\/5104\/revisions\/5123"}],"wp:featuredmedia":[{"embeddable":true,"href":"https:\/\/vsklosterneuburg-hermann.ac.at\/index.php?rest_route=\/wp\/v2\/media\/5106"}],"wp:attachment":[{"href":"https:\/\/vsklosterneuburg-hermann.ac.at\/index.php?rest_route=%2Fwp%2Fv2%2Fmedia&parent=5104"}],"wp:term":[{"taxonomy":"category","embeddable":true,"href":"https:\/\/vsklosterneuburg-hermann.ac.at\/index.php?rest_route=%2Fwp%2Fv2%2Fcategories&post=5104"},{"taxonomy":"post_tag","embeddable":true,"href":"https:\/\/vsklosterneuburg-hermann.ac.at\/index.php?rest_route=%2Fwp%2Fv2%2Ftags&post=5104"}],"curies":[{"name":"wp","href":"https:\/\/api.w.org\/{rel}","templated":true}]}}