{"id":5125,"date":"2026-04-29T11:48:12","date_gmt":"2026-04-29T09:48:12","guid":{"rendered":"https:\/\/vsklosterneuburg-hermann.ac.at\/?p=5125"},"modified":"2026-04-29T11:51:29","modified_gmt":"2026-04-29T09:51:29","slug":"aso-12-im-einsatz-fuer-eine-saubere-umwelt","status":"publish","type":"post","link":"https:\/\/vsklosterneuburg-hermann.ac.at\/?p=5125","title":{"rendered":"ASO 1+2 im Einsatz f\u00fcr eine saubere Umwelt"},"content":{"rendered":"\t\t<div data-elementor-type=\"wp-post\" data-elementor-id=\"5125\" class=\"elementor elementor-5125\" data-elementor-post-type=\"post\">\n\t\t\t\t\t\t<section class=\"elementor-section elementor-top-section elementor-element elementor-element-f703998 elementor-section-boxed elementor-section-height-default elementor-section-height-default\" data-id=\"f703998\" data-element_type=\"section\">\n\t\t\t\t\t\t<div class=\"elementor-container elementor-column-gap-default\">\n\t\t\t\t\t<div class=\"elementor-column elementor-col-50 elementor-top-column elementor-element elementor-element-b488b39\" data-id=\"b488b39\" data-element_type=\"column\">\n\t\t\t<div class=\"elementor-widget-wrap elementor-element-populated\">\n\t\t\t\t\t\t<div class=\"elementor-element elementor-element-70a17fb elementor-widget elementor-widget-gallery\" data-id=\"70a17fb\" data-element_type=\"widget\" data-settings=\"{&quot;gallery_layout&quot;:&quot;justified&quot;,&quot;lazyload&quot;:&quot;yes&quot;,&quot;ideal_row_height&quot;:{&quot;unit&quot;:&quot;px&quot;,&quot;size&quot;:200,&quot;sizes&quot;:[]},&quot;ideal_row_height_widescreen&quot;:{&quot;unit&quot;:&quot;px&quot;,&quot;size&quot;:&quot;&quot;,&quot;sizes&quot;:[]},&quot;ideal_row_height_laptop&quot;:{&quot;unit&quot;:&quot;px&quot;,&quot;size&quot;:150,&quot;sizes&quot;:[]},&quot;ideal_row_height_tablet_extra&quot;:{&quot;unit&quot;:&quot;px&quot;,&quot;size&quot;:150,&quot;sizes&quot;:[]},&quot;ideal_row_height_tablet&quot;:{&quot;unit&quot;:&quot;px&quot;,&quot;size&quot;:150,&quot;sizes&quot;:[]},&quot;ideal_row_height_mobile_extra&quot;:{&quot;unit&quot;:&quot;px&quot;,&quot;size&quot;:150,&quot;sizes&quot;:[]},&quot;ideal_row_height_mobile&quot;:{&quot;unit&quot;:&quot;px&quot;,&quot;size&quot;:150,&quot;sizes&quot;:[]},&quot;gap&quot;:{&quot;unit&quot;:&quot;px&quot;,&quot;size&quot;:10,&quot;sizes&quot;:[]},&quot;gap_widescreen&quot;:{&quot;unit&quot;:&quot;px&quot;,&quot;size&quot;:&quot;&quot;,&quot;sizes&quot;:[]},&quot;gap_laptop&quot;:{&quot;unit&quot;:&quot;px&quot;,&quot;size&quot;:10,&quot;sizes&quot;:[]},&quot;gap_tablet_extra&quot;:{&quot;unit&quot;:&quot;px&quot;,&quot;size&quot;:10,&quot;sizes&quot;:[]},&quot;gap_tablet&quot;:{&quot;unit&quot;:&quot;px&quot;,&quot;size&quot;:10,&quot;sizes&quot;:[]},&quot;gap_mobile_extra&quot;:{&quot;unit&quot;:&quot;px&quot;,&quot;size&quot;:10,&quot;sizes&quot;:[]},&quot;gap_mobile&quot;:{&quot;unit&quot;:&quot;px&quot;,&quot;size&quot;:10,&quot;sizes&quot;:[]},&quot;link_to&quot;:&quot;file&quot;,&quot;overlay_background&quot;:&quot;yes&quot;,&quot;content_hover_animation&quot;:&quot;fade-in&quot;}\" data-widget_type=\"gallery.default\">\n\t\t\t\t<div class=\"elementor-widget-container\">\n\t\t\t\t\t\t\t<div class=\"elementor-gallery__container\">\n\t\t\t\t\t\t\t<a class=\"e-gallery-item elementor-gallery-item elementor-animated-content\" href=\"https:\/\/vsklosterneuburg-hermann.ac.at\/wp-content\/uploads\/2026\/04\/20260427_1255230-scaled.jpg\" data-elementor-open-lightbox=\"yes\" data-elementor-lightbox-slideshow=\"70a17fb\" data-elementor-lightbox-title=\"20260427_125523(0)\" data-e-action-hash=\"#elementor-action%3Aaction%3Dlightbox%26settings%3DeyJpZCI6NTEyNiwidXJsIjoiaHR0cHM6XC9cL3Zza2xvc3Rlcm5ldWJ1cmctaGVybWFubi5hYy5hdFwvd3AtY29udGVudFwvdXBsb2Fkc1wvMjAyNlwvMDRcLzIwMjYwNDI3XzEyNTUyMzAtc2NhbGVkLmpwZyIsInNsaWRlc2hvdyI6IjcwYTE3ZmIifQ%3D%3D\">\n\t\t\t\t\t<div class=\"e-gallery-image elementor-gallery-item__image\" data-thumbnail=\"https:\/\/vsklosterneuburg-hermann.ac.at\/wp-content\/uploads\/2026\/04\/20260427_1255230-300x139.jpg\" data-width=\"300\" data-height=\"139\" aria-label=\"\" role=\"img\" ><\/div>\n\t\t\t\t\t\t\t\t\t\t\t<div class=\"elementor-gallery-item__overlay\"><\/div>\n\t\t\t\t\t\t\t\t\t\t\t\t\t\t<\/a>\n\t\t\t\t\t\t\t<a class=\"e-gallery-item elementor-gallery-item elementor-animated-content\" href=\"https:\/\/vsklosterneuburg-hermann.ac.at\/wp-content\/uploads\/2026\/04\/20260427_111007-scaled.jpg\" data-elementor-open-lightbox=\"yes\" data-elementor-lightbox-slideshow=\"70a17fb\" data-elementor-lightbox-title=\"20260427_111007\" data-e-action-hash=\"#elementor-action%3Aaction%3Dlightbox%26settings%3DeyJpZCI6NTEyOCwidXJsIjoiaHR0cHM6XC9cL3Zza2xvc3Rlcm5ldWJ1cmctaGVybWFubi5hYy5hdFwvd3AtY29udGVudFwvdXBsb2Fkc1wvMjAyNlwvMDRcLzIwMjYwNDI3XzExMTAwNy1zY2FsZWQuanBnIiwic2xpZGVzaG93IjoiNzBhMTdmYiJ9\">\n\t\t\t\t\t<div class=\"e-gallery-image elementor-gallery-item__image\" data-thumbnail=\"https:\/\/vsklosterneuburg-hermann.ac.at\/wp-content\/uploads\/2026\/04\/20260427_111007-300x139.jpg\" data-width=\"300\" data-height=\"139\" aria-label=\"\" role=\"img\" ><\/div>\n\t\t\t\t\t\t\t\t\t\t\t<div class=\"elementor-gallery-item__overlay\"><\/div>\n\t\t\t\t\t\t\t\t\t\t\t\t\t\t<\/a>\n\t\t\t\t\t\t\t<a class=\"e-gallery-item elementor-gallery-item elementor-animated-content\" href=\"https:\/\/vsklosterneuburg-hermann.ac.at\/wp-content\/uploads\/2026\/04\/20260427_111257-scaled.jpg\" data-elementor-open-lightbox=\"yes\" data-elementor-lightbox-slideshow=\"70a17fb\" data-elementor-lightbox-title=\"20260427_111257\" data-e-action-hash=\"#elementor-action%3Aaction%3Dlightbox%26settings%3DeyJpZCI6NTEyOSwidXJsIjoiaHR0cHM6XC9cL3Zza2xvc3Rlcm5ldWJ1cmctaGVybWFubi5hYy5hdFwvd3AtY29udGVudFwvdXBsb2Fkc1wvMjAyNlwvMDRcLzIwMjYwNDI3XzExMTI1Ny1zY2FsZWQuanBnIiwic2xpZGVzaG93IjoiNzBhMTdmYiJ9\">\n\t\t\t\t\t<div class=\"e-gallery-image elementor-gallery-item__image\" data-thumbnail=\"https:\/\/vsklosterneuburg-hermann.ac.at\/wp-content\/uploads\/2026\/04\/20260427_111257-300x139.jpg\" data-width=\"300\" data-height=\"139\" aria-label=\"\" role=\"img\" ><\/div>\n\t\t\t\t\t\t\t\t\t\t\t<div class=\"elementor-gallery-item__overlay\"><\/div>\n\t\t\t\t\t\t\t\t\t\t\t\t\t\t<\/a>\n\t\t\t\t\t\t\t<a class=\"e-gallery-item elementor-gallery-item elementor-animated-content\" href=\"https:\/\/vsklosterneuburg-hermann.ac.at\/wp-content\/uploads\/2026\/04\/20260427_110609-scaled.jpg\" data-elementor-open-lightbox=\"yes\" data-elementor-lightbox-slideshow=\"70a17fb\" data-elementor-lightbox-title=\"20260427_110609\" data-e-action-hash=\"#elementor-action%3Aaction%3Dlightbox%26settings%3DeyJpZCI6NTEzMSwidXJsIjoiaHR0cHM6XC9cL3Zza2xvc3Rlcm5ldWJ1cmctaGVybWFubi5hYy5hdFwvd3AtY29udGVudFwvdXBsb2Fkc1wvMjAyNlwvMDRcLzIwMjYwNDI3XzExMDYwOS1zY2FsZWQuanBnIiwic2xpZGVzaG93IjoiNzBhMTdmYiJ9\">\n\t\t\t\t\t<div class=\"e-gallery-image elementor-gallery-item__image\" data-thumbnail=\"https:\/\/vsklosterneuburg-hermann.ac.at\/wp-content\/uploads\/2026\/04\/20260427_110609-300x139.jpg\" data-width=\"300\" data-height=\"139\" aria-label=\"\" role=\"img\" ><\/div>\n\t\t\t\t\t\t\t\t\t\t\t<div class=\"elementor-gallery-item__overlay\"><\/div>\n\t\t\t\t\t\t\t\t\t\t\t\t\t\t<\/a>\n\t\t\t\t\t\t\t<a class=\"e-gallery-item elementor-gallery-item elementor-animated-content\" href=\"https:\/\/vsklosterneuburg-hermann.ac.at\/wp-content\/uploads\/2026\/04\/20260427_115617-scaled.jpg\" data-elementor-open-lightbox=\"yes\" data-elementor-lightbox-slideshow=\"70a17fb\" data-elementor-lightbox-title=\"20260427_115617\" data-e-action-hash=\"#elementor-action%3Aaction%3Dlightbox%26settings%3DeyJpZCI6NTEzMCwidXJsIjoiaHR0cHM6XC9cL3Zza2xvc3Rlcm5ldWJ1cmctaGVybWFubi5hYy5hdFwvd3AtY29udGVudFwvdXBsb2Fkc1wvMjAyNlwvMDRcLzIwMjYwNDI3XzExNTYxNy1zY2FsZWQuanBnIiwic2xpZGVzaG93IjoiNzBhMTdmYiJ9\">\n\t\t\t\t\t<div class=\"e-gallery-image elementor-gallery-item__image\" data-thumbnail=\"https:\/\/vsklosterneuburg-hermann.ac.at\/wp-content\/uploads\/2026\/04\/20260427_115617-300x139.jpg\" data-width=\"300\" data-height=\"139\" aria-label=\"\" role=\"img\" ><\/div>\n\t\t\t\t\t\t\t\t\t\t\t<div class=\"elementor-gallery-item__overlay\"><\/div>\n\t\t\t\t\t\t\t\t\t\t\t\t\t\t<\/a>\n\t\t\t\t\t<\/div>\n\t\t\t\t\t<\/div>\n\t\t\t\t<\/div>\n\t\t\t\t\t<\/div>\n\t\t<\/div>\n\t\t\t\t<div class=\"elementor-column elementor-col-50 elementor-top-column elementor-element elementor-element-585b23c\" data-id=\"585b23c\" data-element_type=\"column\">\n\t\t\t<div class=\"elementor-widget-wrap elementor-element-populated\">\n\t\t\t\t\t\t<div class=\"elementor-element elementor-element-397c734 elementor-widget elementor-widget-text-editor\" data-id=\"397c734\" data-element_type=\"widget\" data-widget_type=\"text-editor.default\">\n\t\t\t\t<div class=\"elementor-widget-container\">\n\t\t\t\t\t\t\t\t\t<p class=\"isSelectedEnd\">Im Rahmen eines Umweltprojekts besch\u00e4ftigten sich die Klassen ASO 1 und 2 intensiv mit dem Thema M\u00fcll und Umweltschutz. Den Auftakt machte ein spannender Vortrag der Gemeinde direkt in der Schule, bei dem die Sch\u00fclerinnen und Sch\u00fcler viel Wissenswertes \u00fcber M\u00fclltrennung, Recycling und den Schutz unserer Umwelt erfuhren.<\/p><p class=\"isSelectedEnd\">\u00a0<\/p><p class=\"isSelectedEnd\">\u00a0<\/p><p class=\"isSelectedEnd\">Im Anschluss wurde das Gelernte gleich in die Praxis umgesetzt: Ausgestattet von der Gemeinde mit Warnwesten, Handschuhen, M\u00fcllzangen und M\u00fclls\u00e4cken ging es von der Schule aus in die Au \u2013 vom Durchstich bis zur Donau.\u00a0<span style=\"font-style: inherit; font-weight: inherit;\">Mit gro\u00dfem Einsatz sammelten die Kinder M\u00fcll und leisteten so einen wichtigen Beitrag f\u00fcr eine saubere Umwelt.<\/span><\/p><p class=\"isSelectedEnd\">\u00a0<\/p><p class=\"isSelectedEnd\">\u00a0<\/p><p class=\"isSelectedEnd\">Zur St\u00e4rkung gab es ein gem\u00fctliches Picknick an der Donau. Bei strahlendem Sonnenschein und blauem Himmel konnten alle die Pause genie\u00dfen.<\/p><p class=\"isSelectedEnd\">\u00a0<\/p><p class=\"isSelectedEnd\">\u00a0<\/p><p>Ein herzliches Dankesch\u00f6n an die Gemeinde f\u00fcr die Unterst\u00fctzung bei diesem gelungenen Projekt!<\/p>\t\t\t\t\t\t\t\t<\/div>\n\t\t\t\t<\/div>\n\t\t\t\t\t<\/div>\n\t\t<\/div>\n\t\t\t\t\t<\/div>\n\t\t<\/section>\n\t\t\t\t<\/div>\n\t\t","protected":false},"excerpt":{"rendered":"<p>Im Rahmen eines Umweltprojekts besch\u00e4ftigten sich die Klassen ASO 1 und 2 intensiv mit dem Thema M\u00fcll und Umweltschutz. Den Auftakt machte ein spannender Vortrag der Gemeinde direkt in der Schule, bei dem die Sch\u00fclerinnen und Sch\u00fcler viel Wissenswertes \u00fcber M\u00fclltrennung, Recycling und den Schutz unserer Umwelt erfuhren. \u00a0 \u00a0 Im Anschluss wurde das Gelernte [&hellip;]<\/p>\n","protected":false},"author":2,"featured_media":5126,"comment_status":"closed","ping_status":"open","sticky":false,"template":"","format":"image","meta":{"site-sidebar-layout":"default","site-content-layout":"","ast-site-content-layout":"default","site-content-style":"default","site-sidebar-style":"default","ast-global-header-display":"","ast-banner-title-visibility":"","ast-main-header-display":"","ast-hfb-above-header-display":"","ast-hfb-below-header-display":"","ast-hfb-mobile-header-display":"","site-post-title":"","ast-breadcrumbs-content":"","ast-featured-img":"disabled","footer-sml-layout":"","theme-transparent-header-meta":"","adv-header-id-meta":"","stick-header-meta":"","header-above-stick-meta":"","header-main-stick-meta":"","header-below-stick-meta":"","astra-migrate-meta-layouts":"set","ast-page-background-enabled":"default","ast-page-background-meta":{"desktop":{"background-color":"var(--ast-global-color-4)","background-image":"","background-repeat":"repeat","background-position":"center center","background-size":"auto","background-attachment":"scroll","background-type":"","background-media":"","overlay-type":"","overlay-color":"","overlay-opacity":"","overlay-gradient":""},"tablet":{"background-color":"","background-image":"","background-repeat":"repeat","background-position":"center center","background-size":"auto","background-attachment":"scroll","background-type":"","background-media":"","overlay-type":"","overlay-color":"","overlay-opacity":"","overlay-gradient":""},"mobile":{"background-color":"","background-image":"","background-repeat":"repeat","background-position":"center center","background-size":"auto","background-attachment":"scroll","background-type":"","background-media":"","overlay-type":"","overlay-color":"","overlay-opacity":"","overlay-gradient":""}},"ast-content-background-meta":{"desktop":{"background-color":"var(--ast-global-color-5)","background-image":"","background-repeat":"repeat","background-position":"center center","background-size":"auto","background-attachment":"scroll","background-type":"","background-media":"","overlay-type":"","overlay-color":"","overlay-opacity":"","overlay-gradient":""},"tablet":{"background-color":"var(--ast-global-color-5)","background-image":"","background-repeat":"repeat","background-position":"center center","background-size":"auto","background-attachment":"scroll","background-type":"","background-media":"","overlay-type":"","overlay-color":"","overlay-opacity":"","overlay-gradient":""},"mobile":{"background-color":"var(--ast-global-color-5)","background-image":"","background-repeat":"repeat","background-position":"center center","background-size":"auto","background-attachment":"scroll","background-type":"","background-media":"","overlay-type":"","overlay-color":"","overlay-opacity":"","overlay-gradient":""}},"footnotes":""},"categories":[12,22],"tags":[],"class_list":["post-5125","post","type-post","status-publish","format-image","has-post-thumbnail","hentry","category-aso","category-aso-25-26","post_format-post-format-image"],"yoast_head":"<!-- This site is optimized with the Yoast SEO plugin v25.8 - https:\/\/yoast.com\/wordpress\/plugins\/seo\/ -->\n<title>ASO 1+2 im Einsatz f\u00fcr eine saubere Umwelt - ASO\/VS Klosterneuburg<\/title>\n<meta name=\"robots\" content=\"index, follow, max-snippet:-1, max-image-preview:large, max-video-preview:-1\" \/>\n<link rel=\"canonical\" href=\"https:\/\/vsklosterneuburg-hermann.ac.at\/?p=5125\" \/>\n<meta property=\"og:locale\" content=\"de_DE\" \/>\n<meta property=\"og:type\" content=\"article\" \/>\n<meta property=\"og:title\" content=\"ASO 1+2 im Einsatz f\u00fcr eine saubere Umwelt - ASO\/VS Klosterneuburg\" \/>\n<meta property=\"og:description\" content=\"Im Rahmen eines Umweltprojekts besch\u00e4ftigten sich die Klassen ASO 1 und 2 intensiv mit dem Thema M\u00fcll und Umweltschutz. Den Auftakt machte ein spannender Vortrag der Gemeinde direkt in der Schule, bei dem die Sch\u00fclerinnen und Sch\u00fcler viel Wissenswertes \u00fcber M\u00fclltrennung, Recycling und den Schutz unserer Umwelt erfuhren. \u00a0 \u00a0 Im Anschluss wurde das Gelernte [&hellip;]\" \/>\n<meta property=\"og:url\" content=\"https:\/\/vsklosterneuburg-hermann.ac.at\/?p=5125\" \/>\n<meta property=\"og:site_name\" content=\"ASO\/VS Klosterneuburg\" \/>\n<meta property=\"article:published_time\" content=\"2026-04-29T09:48:12+00:00\" \/>\n<meta property=\"article:modified_time\" content=\"2026-04-29T09:51:29+00:00\" \/>\n<meta property=\"og:image\" content=\"https:\/\/vsklosterneuburg-hermann.ac.at\/wp-content\/uploads\/2026\/04\/20260427_1255230-scaled.jpg\" \/>\n\t<meta property=\"og:image:width\" content=\"2560\" \/>\n\t<meta property=\"og:image:height\" content=\"1182\" \/>\n\t<meta property=\"og:image:type\" content=\"image\/jpeg\" \/>\n<meta name=\"author\" content=\"Ulrike Haider\" \/>\n<meta name=\"twitter:card\" content=\"summary_large_image\" \/>\n<meta name=\"twitter:label1\" content=\"Verfasst von\" \/>\n\t<meta name=\"twitter:data1\" content=\"Ulrike Haider\" \/>\n\t<meta name=\"twitter:label2\" content=\"Gesch\u00e4tzte Lesezeit\" \/>\n\t<meta name=\"twitter:data2\" content=\"1 Minute\" \/>\n<script type=\"application\/ld+json\" class=\"yoast-schema-graph\">{\"@context\":\"https:\/\/schema.org\",\"@graph\":[{\"@type\":\"Article\",\"@id\":\"https:\/\/vsklosterneuburg-hermann.ac.at\/?p=5125#article\",\"isPartOf\":{\"@id\":\"https:\/\/vsklosterneuburg-hermann.ac.at\/?p=5125\"},\"author\":{\"name\":\"Ulrike Haider\",\"@id\":\"https:\/\/vsklosterneuburg-hermann.ac.at\/#\/schema\/person\/8e5877b5c69891db93a76c50c9b990d3\"},\"headline\":\"ASO 1+2 im Einsatz f\u00fcr eine saubere Umwelt\",\"datePublished\":\"2026-04-29T09:48:12+00:00\",\"dateModified\":\"2026-04-29T09:51:29+00:00\",\"mainEntityOfPage\":{\"@id\":\"https:\/\/vsklosterneuburg-hermann.ac.at\/?p=5125\"},\"wordCount\":156,\"publisher\":{\"@id\":\"https:\/\/vsklosterneuburg-hermann.ac.at\/#organization\"},\"image\":{\"@id\":\"https:\/\/vsklosterneuburg-hermann.ac.at\/?p=5125#primaryimage\"},\"thumbnailUrl\":\"https:\/\/vsklosterneuburg-hermann.ac.at\/wp-content\/uploads\/2026\/04\/20260427_1255230-scaled.jpg\",\"articleSection\":[\"ASO\",\"ASO-25\/26\"],\"inLanguage\":\"de-AT\"},{\"@type\":\"WebPage\",\"@id\":\"https:\/\/vsklosterneuburg-hermann.ac.at\/?p=5125\",\"url\":\"https:\/\/vsklosterneuburg-hermann.ac.at\/?p=5125\",\"name\":\"ASO 1+2 im Einsatz f\u00fcr eine saubere Umwelt - ASO\/VS Klosterneuburg\",\"isPartOf\":{\"@id\":\"https:\/\/vsklosterneuburg-hermann.ac.at\/#website\"},\"primaryImageOfPage\":{\"@id\":\"https:\/\/vsklosterneuburg-hermann.ac.at\/?p=5125#primaryimage\"},\"image\":{\"@id\":\"https:\/\/vsklosterneuburg-hermann.ac.at\/?p=5125#primaryimage\"},\"thumbnailUrl\":\"https:\/\/vsklosterneuburg-hermann.ac.at\/wp-content\/uploads\/2026\/04\/20260427_1255230-scaled.jpg\",\"datePublished\":\"2026-04-29T09:48:12+00:00\",\"dateModified\":\"2026-04-29T09:51:29+00:00\",\"breadcrumb\":{\"@id\":\"https:\/\/vsklosterneuburg-hermann.ac.at\/?p=5125#breadcrumb\"},\"inLanguage\":\"de-AT\",\"potentialAction\":[{\"@type\":\"ReadAction\",\"target\":[\"https:\/\/vsklosterneuburg-hermann.ac.at\/?p=5125\"]}]},{\"@type\":\"ImageObject\",\"inLanguage\":\"de-AT\",\"@id\":\"https:\/\/vsklosterneuburg-hermann.ac.at\/?p=5125#primaryimage\",\"url\":\"https:\/\/vsklosterneuburg-hermann.ac.at\/wp-content\/uploads\/2026\/04\/20260427_1255230-scaled.jpg\",\"contentUrl\":\"https:\/\/vsklosterneuburg-hermann.ac.at\/wp-content\/uploads\/2026\/04\/20260427_1255230-scaled.jpg\",\"width\":2560,\"height\":1182},{\"@type\":\"BreadcrumbList\",\"@id\":\"https:\/\/vsklosterneuburg-hermann.ac.at\/?p=5125#breadcrumb\",\"itemListElement\":[{\"@type\":\"ListItem\",\"position\":1,\"name\":\"Startseite\",\"item\":\"https:\/\/vsklosterneuburg-hermann.ac.at\/\"},{\"@type\":\"ListItem\",\"position\":2,\"name\":\"ASO 1+2 im Einsatz f\u00fcr eine saubere Umwelt\"}]},{\"@type\":\"WebSite\",\"@id\":\"https:\/\/vsklosterneuburg-hermann.ac.at\/#website\",\"url\":\"https:\/\/vsklosterneuburg-hermann.ac.at\/\",\"name\":\"ASO\/VS Klosterneuburg\",\"description\":\"Homepage der ASO\/VS Klosterneuburg\",\"publisher\":{\"@id\":\"https:\/\/vsklosterneuburg-hermann.ac.at\/#organization\"},\"potentialAction\":[{\"@type\":\"SearchAction\",\"target\":{\"@type\":\"EntryPoint\",\"urlTemplate\":\"https:\/\/vsklosterneuburg-hermann.ac.at\/?s={search_term_string}\"},\"query-input\":{\"@type\":\"PropertyValueSpecification\",\"valueRequired\":true,\"valueName\":\"search_term_string\"}}],\"inLanguage\":\"de-AT\"},{\"@type\":\"Organization\",\"@id\":\"https:\/\/vsklosterneuburg-hermann.ac.at\/#organization\",\"name\":\"ASO\/VS Klosterneuburg\",\"url\":\"https:\/\/vsklosterneuburg-hermann.ac.at\/\",\"logo\":{\"@type\":\"ImageObject\",\"inLanguage\":\"de-AT\",\"@id\":\"https:\/\/vsklosterneuburg-hermann.ac.at\/#\/schema\/logo\/image\/\",\"url\":\"https:\/\/vsklosterneuburg-hermann.ac.at\/wp-content\/uploads\/2023\/08\/SchuleimZentrum-Logo-gemeinsam-alternativ_online.png\",\"contentUrl\":\"https:\/\/vsklosterneuburg-hermann.ac.at\/wp-content\/uploads\/2023\/08\/SchuleimZentrum-Logo-gemeinsam-alternativ_online.png\",\"width\":2500,\"height\":2500,\"caption\":\"ASO\/VS Klosterneuburg\"},\"image\":{\"@id\":\"https:\/\/vsklosterneuburg-hermann.ac.at\/#\/schema\/logo\/image\/\"}},{\"@type\":\"Person\",\"@id\":\"https:\/\/vsklosterneuburg-hermann.ac.at\/#\/schema\/person\/8e5877b5c69891db93a76c50c9b990d3\",\"name\":\"Ulrike Haider\",\"image\":{\"@type\":\"ImageObject\",\"inLanguage\":\"de-AT\",\"@id\":\"https:\/\/vsklosterneuburg-hermann.ac.at\/#\/schema\/person\/image\/\",\"url\":\"https:\/\/secure.gravatar.com\/avatar\/4ee301f670fb71e8dfed9b5aacb2edaa4a0b1cb8abc20a0d09787ce623627db4?s=96&d=mm&r=g\",\"contentUrl\":\"https:\/\/secure.gravatar.com\/avatar\/4ee301f670fb71e8dfed9b5aacb2edaa4a0b1cb8abc20a0d09787ce623627db4?s=96&d=mm&r=g\",\"caption\":\"Ulrike Haider\"},\"url\":\"https:\/\/vsklosterneuburg-hermann.ac.at\/?author=2\"}]}<\/script>\n<!-- \/ Yoast SEO plugin. -->","yoast_head_json":{"title":"ASO 1+2 im Einsatz f\u00fcr eine saubere Umwelt - ASO\/VS Klosterneuburg","robots":{"index":"index","follow":"follow","max-snippet":"max-snippet:-1","max-image-preview":"max-image-preview:large","max-video-preview":"max-video-preview:-1"},"canonical":"https:\/\/vsklosterneuburg-hermann.ac.at\/?p=5125","og_locale":"de_DE","og_type":"article","og_title":"ASO 1+2 im Einsatz f\u00fcr eine saubere Umwelt - ASO\/VS Klosterneuburg","og_description":"Im Rahmen eines Umweltprojekts besch\u00e4ftigten sich die Klassen ASO 1 und 2 intensiv mit dem Thema M\u00fcll und Umweltschutz. Den Auftakt machte ein spannender Vortrag der Gemeinde direkt in der Schule, bei dem die Sch\u00fclerinnen und Sch\u00fcler viel Wissenswertes \u00fcber M\u00fclltrennung, Recycling und den Schutz unserer Umwelt erfuhren. \u00a0 \u00a0 Im Anschluss wurde das Gelernte [&hellip;]","og_url":"https:\/\/vsklosterneuburg-hermann.ac.at\/?p=5125","og_site_name":"ASO\/VS Klosterneuburg","article_published_time":"2026-04-29T09:48:12+00:00","article_modified_time":"2026-04-29T09:51:29+00:00","og_image":[{"width":2560,"height":1182,"url":"https:\/\/vsklosterneuburg-hermann.ac.at\/wp-content\/uploads\/2026\/04\/20260427_1255230-scaled.jpg","type":"image\/jpeg"}],"author":"Ulrike Haider","twitter_card":"summary_large_image","twitter_misc":{"Verfasst von":"Ulrike Haider","Gesch\u00e4tzte Lesezeit":"1 Minute"},"schema":{"@context":"https:\/\/schema.org","@graph":[{"@type":"Article","@id":"https:\/\/vsklosterneuburg-hermann.ac.at\/?p=5125#article","isPartOf":{"@id":"https:\/\/vsklosterneuburg-hermann.ac.at\/?p=5125"},"author":{"name":"Ulrike Haider","@id":"https:\/\/vsklosterneuburg-hermann.ac.at\/#\/schema\/person\/8e5877b5c69891db93a76c50c9b990d3"},"headline":"ASO 1+2 im Einsatz f\u00fcr eine saubere Umwelt","datePublished":"2026-04-29T09:48:12+00:00","dateModified":"2026-04-29T09:51:29+00:00","mainEntityOfPage":{"@id":"https:\/\/vsklosterneuburg-hermann.ac.at\/?p=5125"},"wordCount":156,"publisher":{"@id":"https:\/\/vsklosterneuburg-hermann.ac.at\/#organization"},"image":{"@id":"https:\/\/vsklosterneuburg-hermann.ac.at\/?p=5125#primaryimage"},"thumbnailUrl":"https:\/\/vsklosterneuburg-hermann.ac.at\/wp-content\/uploads\/2026\/04\/20260427_1255230-scaled.jpg","articleSection":["ASO","ASO-25\/26"],"inLanguage":"de-AT"},{"@type":"WebPage","@id":"https:\/\/vsklosterneuburg-hermann.ac.at\/?p=5125","url":"https:\/\/vsklosterneuburg-hermann.ac.at\/?p=5125","name":"ASO 1+2 im Einsatz f\u00fcr eine saubere Umwelt - ASO\/VS Klosterneuburg","isPartOf":{"@id":"https:\/\/vsklosterneuburg-hermann.ac.at\/#website"},"primaryImageOfPage":{"@id":"https:\/\/vsklosterneuburg-hermann.ac.at\/?p=5125#primaryimage"},"image":{"@id":"https:\/\/vsklosterneuburg-hermann.ac.at\/?p=5125#primaryimage"},"thumbnailUrl":"https:\/\/vsklosterneuburg-hermann.ac.at\/wp-content\/uploads\/2026\/04\/20260427_1255230-scaled.jpg","datePublished":"2026-04-29T09:48:12+00:00","dateModified":"2026-04-29T09:51:29+00:00","breadcrumb":{"@id":"https:\/\/vsklosterneuburg-hermann.ac.at\/?p=5125#breadcrumb"},"inLanguage":"de-AT","potentialAction":[{"@type":"ReadAction","target":["https:\/\/vsklosterneuburg-hermann.ac.at\/?p=5125"]}]},{"@type":"ImageObject","inLanguage":"de-AT","@id":"https:\/\/vsklosterneuburg-hermann.ac.at\/?p=5125#primaryimage","url":"https:\/\/vsklosterneuburg-hermann.ac.at\/wp-content\/uploads\/2026\/04\/20260427_1255230-scaled.jpg","contentUrl":"https:\/\/vsklosterneuburg-hermann.ac.at\/wp-content\/uploads\/2026\/04\/20260427_1255230-scaled.jpg","width":2560,"height":1182},{"@type":"BreadcrumbList","@id":"https:\/\/vsklosterneuburg-hermann.ac.at\/?p=5125#breadcrumb","itemListElement":[{"@type":"ListItem","position":1,"name":"Startseite","item":"https:\/\/vsklosterneuburg-hermann.ac.at\/"},{"@type":"ListItem","position":2,"name":"ASO 1+2 im Einsatz f\u00fcr eine saubere Umwelt"}]},{"@type":"WebSite","@id":"https:\/\/vsklosterneuburg-hermann.ac.at\/#website","url":"https:\/\/vsklosterneuburg-hermann.ac.at\/","name":"ASO\/VS Klosterneuburg","description":"Homepage der ASO\/VS Klosterneuburg","publisher":{"@id":"https:\/\/vsklosterneuburg-hermann.ac.at\/#organization"},"potentialAction":[{"@type":"SearchAction","target":{"@type":"EntryPoint","urlTemplate":"https:\/\/vsklosterneuburg-hermann.ac.at\/?s={search_term_string}"},"query-input":{"@type":"PropertyValueSpecification","valueRequired":true,"valueName":"search_term_string"}}],"inLanguage":"de-AT"},{"@type":"Organization","@id":"https:\/\/vsklosterneuburg-hermann.ac.at\/#organization","name":"ASO\/VS Klosterneuburg","url":"https:\/\/vsklosterneuburg-hermann.ac.at\/","logo":{"@type":"ImageObject","inLanguage":"de-AT","@id":"https:\/\/vsklosterneuburg-hermann.ac.at\/#\/schema\/logo\/image\/","url":"https:\/\/vsklosterneuburg-hermann.ac.at\/wp-content\/uploads\/2023\/08\/SchuleimZentrum-Logo-gemeinsam-alternativ_online.png","contentUrl":"https:\/\/vsklosterneuburg-hermann.ac.at\/wp-content\/uploads\/2023\/08\/SchuleimZentrum-Logo-gemeinsam-alternativ_online.png","width":2500,"height":2500,"caption":"ASO\/VS Klosterneuburg"},"image":{"@id":"https:\/\/vsklosterneuburg-hermann.ac.at\/#\/schema\/logo\/image\/"}},{"@type":"Person","@id":"https:\/\/vsklosterneuburg-hermann.ac.at\/#\/schema\/person\/8e5877b5c69891db93a76c50c9b990d3","name":"Ulrike Haider","image":{"@type":"ImageObject","inLanguage":"de-AT","@id":"https:\/\/vsklosterneuburg-hermann.ac.at\/#\/schema\/person\/image\/","url":"https:\/\/secure.gravatar.com\/avatar\/4ee301f670fb71e8dfed9b5aacb2edaa4a0b1cb8abc20a0d09787ce623627db4?s=96&d=mm&r=g","contentUrl":"https:\/\/secure.gravatar.com\/avatar\/4ee301f670fb71e8dfed9b5aacb2edaa4a0b1cb8abc20a0d09787ce623627db4?s=96&d=mm&r=g","caption":"Ulrike Haider"},"url":"https:\/\/vsklosterneuburg-hermann.ac.at\/?author=2"}]}},"_links":{"self":[{"href":"https:\/\/vsklosterneuburg-hermann.ac.at\/index.php?rest_route=\/wp\/v2\/posts\/5125","targetHints":{"allow":["GET"]}}],"collection":[{"href":"https:\/\/vsklosterneuburg-hermann.ac.at\/index.php?rest_route=\/wp\/v2\/posts"}],"about":[{"href":"https:\/\/vsklosterneuburg-hermann.ac.at\/index.php?rest_route=\/wp\/v2\/types\/post"}],"author":[{"embeddable":true,"href":"https:\/\/vsklosterneuburg-hermann.ac.at\/index.php?rest_route=\/wp\/v2\/users\/2"}],"replies":[{"embeddable":true,"href":"https:\/\/vsklosterneuburg-hermann.ac.at\/index.php?rest_route=%2Fwp%2Fv2%2Fcomments&post=5125"}],"version-history":[{"count":4,"href":"https:\/\/vsklosterneuburg-hermann.ac.at\/index.php?rest_route=\/wp\/v2\/posts\/5125\/revisions"}],"predecessor-version":[{"id":5135,"href":"https:\/\/vsklosterneuburg-hermann.ac.at\/index.php?rest_route=\/wp\/v2\/posts\/5125\/revisions\/5135"}],"wp:featuredmedia":[{"embeddable":true,"href":"https:\/\/vsklosterneuburg-hermann.ac.at\/index.php?rest_route=\/wp\/v2\/media\/5126"}],"wp:attachment":[{"href":"https:\/\/vsklosterneuburg-hermann.ac.at\/index.php?rest_route=%2Fwp%2Fv2%2Fmedia&parent=5125"}],"wp:term":[{"taxonomy":"category","embeddable":true,"href":"https:\/\/vsklosterneuburg-hermann.ac.at\/index.php?rest_route=%2Fwp%2Fv2%2Fcategories&post=5125"},{"taxonomy":"post_tag","embeddable":true,"href":"https:\/\/vsklosterneuburg-hermann.ac.at\/index.php?rest_route=%2Fwp%2Fv2%2Ftags&post=5125"}],"curies":[{"name":"wp","href":"https:\/\/api.w.org\/{rel}","templated":true}]}}